{"id":597943,"date":"2026-04-30T03:01:50","date_gmt":"2026-04-30T01:01:50","guid":{"rendered":"https:\/\/www.campersoimex.it\/2026\/04\/mclouis-nevis-873\/"},"modified":"2026-04-30T03:01:50","modified_gmt":"2026-04-30T01:01:50","slug":"mclouis-nevis-873","status":"publish","type":"post","link":"https:\/\/www.campersoimex.it\/en\/2026\/04\/mclouis-nevis-873\/","title":{"rendered":"MCLOUIS &#8211; NEVIS 873"},"content":{"rendered":"<p><strong>Modello:<\/strong> MCLOUIS NEVIS 873<\/p>\n<p><strong>Data:<\/strong> <\/p>\n<p><strong>Motore:<\/strong>   2200 Diesel<\/p>\n<p><strong>Lunghezza:<\/strong> 745cm<\/p>\n<p><strong>Posti omologati:<\/strong> 5<\/p>\n<p><strong>Km:<\/strong> 0<\/p>\n<p><strong>Prezzo:<\/strong> \u20ac87000<\/p>\n<p>&nbsp;<\/p>\n<div class=\"et_pb_slider et_pb_slider_fullwidth_off et_pb_gallery_post_type\">\n\t\t\t\t<div class=\"et_pb_slides\">\n\t\t\t\t\t<div class=\"et_pb_slide\" style=\"background: url(https:\/\/www.campersoimex.it\/wp-content\/uploads\/2026\/04\/23609702_E_if97vjny1o8gh.jpg);\"><\/div><div class=\"et_pb_slide\" style=\"background: url(https:\/\/www.campersoimex.it\/wp-content\/uploads\/2026\/04\/23609702_E_t943pr8znwjch.jpg);\"><\/div><div class=\"et_pb_slide\" style=\"background: url(https:\/\/www.campersoimex.it\/wp-content\/uploads\/2026\/04\/23609702_E_6lxygaj2fuh9d.jpg);\"><\/div><div class=\"et_pb_slide\" style=\"background: url(https:\/\/www.campersoimex.it\/wp-content\/uploads\/2026\/04\/23609702_E_vcoku2j7mezrn.jpg);\"><\/div><div class=\"et_pb_slide\" style=\"background: url(https:\/\/www.campersoimex.it\/wp-content\/uploads\/2026\/04\/23609702_E_qzxyc35hjk2o6.jpg);\"><\/div><div class=\"et_pb_slide\" style=\"background: url(https:\/\/www.campersoimex.it\/wp-content\/uploads\/2026\/04\/23609702_E_j5xhnvo4zgeur.jpg);\"><\/div><div class=\"et_pb_slide\" style=\"background: url(https:\/\/www.campersoimex.it\/wp-content\/uploads\/2026\/04\/23609702_E_glu1pa3v02tiq.jpg);\"><\/div><div class=\"et_pb_slide\" style=\"background: url(https:\/\/www.campersoimex.it\/wp-content\/uploads\/2026\/04\/23609702_E_cekldp904brju.jpg);\"><\/div><div class=\"et_pb_slide\" style=\"background: url(https:\/\/www.campersoimex.it\/wp-content\/uploads\/2026\/04\/23609702_E_8ivkxgn3szwhe.jpg);\"><\/div><div class=\"et_pb_slide\" style=\"background: url(https:\/\/www.campersoimex.it\/wp-content\/uploads\/2026\/04\/23609702_E_02jlv45fbyd8k.jpg);\"><\/div><div class=\"et_pb_slide\" style=\"background: url(https:\/\/www.campersoimex.it\/wp-content\/uploads\/2026\/04\/23609702_E_s2lg6ervdy4c5.jpg);\"><\/div><div class=\"et_pb_slide\" style=\"background: url(https:\/\/www.campersoimex.it\/wp-content\/uploads\/2026\/04\/23609702_E_gb562h34ui90e.jpg);\"><\/div><div class=\"et_pb_slide\" style=\"background: url(https:\/\/www.campersoimex.it\/wp-content\/uploads\/2026\/04\/23609702_E_q80fyh297r5mg.jpg);\"><\/div><div class=\"et_pb_slide\" style=\"background: url(https:\/\/www.campersoimex.it\/wp-content\/uploads\/2026\/04\/23609702_E_3vwk2f4a16pjl.jpg);\"><\/div><div class=\"et_pb_slide\" style=\"background: url(https:\/\/www.campersoimex.it\/wp-content\/uploads\/2026\/04\/23609702_E_iculpk08e3xvf.jpg);\"><\/div><div class=\"et_pb_slide\" style=\"background: url(https:\/\/www.campersoimex.it\/wp-content\/uploads\/2026\/04\/23609702_E_uoxdc08ev746z.jpg);\"><\/div><div class=\"et_pb_slide\" style=\"background: url(https:\/\/www.campersoimex.it\/wp-content\/uploads\/2026\/04\/23609702_E_qukv0yn94hbd6.jpg);\"><\/div><div class=\"et_pb_slide\" style=\"background: url(https:\/\/www.campersoimex.it\/wp-content\/uploads\/2026\/04\/23609702_E_h6uw95f81jipl.jpg);\"><\/div><div class=\"et_pb_slide\" style=\"background: url(https:\/\/www.campersoimex.it\/wp-content\/uploads\/2026\/04\/23609702_E_vzo3khufe7px1.jpg);\"><\/div><div class=\"et_pb_slide\" style=\"background: url(https:\/\/www.campersoimex.it\/wp-content\/uploads\/2026\/04\/23609702_E_0c6s51ti4hgwr.jpg);\"><\/div><div class=\"et_pb_slide\" style=\"background: url(https:\/\/www.campersoimex.it\/wp-content\/uploads\/2026\/04\/23609702_E_ienz87yls0cha.jpg);\"><\/div><div class=\"et_pb_slide\" style=\"background: url(https:\/\/www.campersoimex.it\/wp-content\/uploads\/2026\/04\/23609702_E_fydgxums4t7av.jpg);\"><\/div><div class=\"et_pb_slide\" style=\"background: url(https:\/\/www.campersoimex.it\/wp-content\/uploads\/2026\/04\/23609702_E_1trl38x4jgu6o.jpg);\"><\/div><div class=\"et_pb_slide\" style=\"background: url(https:\/\/www.campersoimex.it\/wp-content\/uploads\/2026\/04\/23609702_E_g02crh39iaewf.jpg);\"><\/div><div class=\"et_pb_slide\" style=\"background: url(https:\/\/www.campersoimex.it\/wp-content\/uploads\/2026\/04\/23609702_E_9dmftoi0hugwr.jpg);\"><\/div><div class=\"et_pb_slide\" style=\"background: url(https:\/\/www.campersoimex.it\/wp-content\/uploads\/2026\/04\/23609702_E_4smnfgbhav5l8.jpg);\"><\/div><div class=\"et_pb_slide\" style=\"background: url(https:\/\/www.campersoimex.it\/wp-content\/uploads\/2026\/04\/23609702_E_yvck5iuh1zjg8.jpg);\"><\/div><div class=\"et_pb_slide\" style=\"background: url(https:\/\/www.campersoimex.it\/wp-content\/uploads\/2026\/04\/23609702_E_mtlkjpyw8xb0e.jpg);\"><\/div><div class=\"et_pb_slide\" style=\"background: url(https:\/\/www.campersoimex.it\/wp-content\/uploads\/2026\/04\/23609702_E_u4t9lhbmgz263.jpg);\"><\/div><div class=\"et_pb_slide\" style=\"background: url(https:\/\/www.campersoimex.it\/wp-content\/uploads\/2026\/04\/23609702_E_jop7f9v2sdlui.jpg);\"><\/div><div class=\"et_pb_slide\" style=\"background: url(https:\/\/www.campersoimex.it\/wp-content\/uploads\/2026\/04\/23609702_E_kjmht234wq5p8.jpg);\"><\/div>\n\t\t\t\t<\/div>\n\t\t\t<\/div>\n<table class=\"camper_accessories\">\n<tr>\n<th><\/th>\n<th align=\"center\"><img decoding=\"async\" src=\"\/wp-content\/uploads\/flags\/flag-it.jpg\" alt=\"it\" \/><\/th>\n<th align=\"center\"><img decoding=\"async\" src=\"\/wp-content\/uploads\/flags\/flag-de.jpg\" alt=\"de\" \/><\/th>\n<th align=\"center\"><img decoding=\"async\" src=\"\/wp-content\/uploads\/flags\/flag-en.jpg\" alt=\"en\" \/><\/th>\n<th align=\"center\"><img decoding=\"async\" src=\"\/wp-content\/uploads\/flags\/flag-slo.jpg\" alt=\"slo\" \/><\/th>\n<th align=\"center\"><img decoding=\"async\" src=\"\/wp-content\/uploads\/flags\/flag-se.jpg\" alt=\"se\" \/><\/th>\n<th align=\"center\"><img decoding=\"async\" src=\"\/wp-content\/uploads\/flags\/flag-cz.jpg\" alt=\"cz\" \/><\/th>\n<\/tr>\n<tr>\n<td><a href=\"\/wp-content\/themes\/campersoimex\/images\/equipment\/high-res\/abs.jpg\" class=\"et_pb_lightbox_image\"><img decoding=\"async\" src=\"\/wp-content\/themes\/campersoimex\/images\/equipment\/low-res\/abs.jpg\" \/><\/a><\/td>\n<td>ABS<\/td>\n<td>ABS<\/td>\n<td>ABS<\/td>\n<td>ABS<\/td>\n<td>ABS<\/td>\n<td>ABS<\/td>\n<\/tr>\n<tr>\n<td><a href=\"\/wp-content\/themes\/campersoimex\/images\/equipment\/high-res\/asr.jpg\" class=\"et_pb_lightbox_image\"><img decoding=\"async\" src=\"\/wp-content\/themes\/campersoimex\/images\/equipment\/low-res\/asr.jpg\" \/><\/a><\/td>\n<td>ASR<\/td>\n<td>ASR<\/td>\n<td>ASR<\/td>\n<td>ASR<\/td>\n<td>ASR<\/td>\n<td>ASR<\/td>\n<\/tr>\n<tr>\n<td><a href=\"\/wp-content\/themes\/campersoimex\/images\/equipment\/high-res\/autoradio.jpg\" class=\"et_pb_lightbox_image\"><img decoding=\"async\" src=\"\/wp-content\/themes\/campersoimex\/images\/equipment\/low-res\/autoradio.jpg\" \/><\/a><\/td>\n<td>autoradio<\/td>\n<td>stereoanlage<\/td>\n<td>radio<\/td>\n<td>avtoradio<\/td>\n<td>radio<\/td>\n<td>radio<\/td>\n<\/tr>\n<tr>\n<td><a href=\"\/wp-content\/themes\/campersoimex\/images\/equipment\/high-res\/chiusuracentralizzata.jpg\" class=\"et_pb_lightbox_image\"><img decoding=\"async\" src=\"\/wp-content\/themes\/campersoimex\/images\/equipment\/low-res\/chiusuracentralizzata.jpg\" \/><\/a><\/td>\n<td>chiusure centralizzate<\/td>\n<td>zentralverregelung<\/td>\n<td>central locking<\/td>\n<td>centralno zaklepanje<\/td>\n<td>centrall\u00e5s<\/td>\n<td>centr\u00e1ln\u00ed zamyk\u00e1n\u00ed<\/td>\n<\/tr>\n<tr>\n<td><a href=\"\/wp-content\/themes\/campersoimex\/images\/equipment\/high-res\/climamotore.jpg\" class=\"et_pb_lightbox_image\"><img decoding=\"async\" src=\"\/wp-content\/themes\/campersoimex\/images\/equipment\/low-res\/climamotore.jpg\" \/><\/a><\/td>\n<td>aria condizionata motore<\/td>\n<td>motorklima<\/td>\n<td>engine air conditioning<\/td>\n<td>klima<\/td>\n<td>clima<\/td>\n<td>clima<\/td>\n<\/tr>\n<tr>\n<td><a href=\"\/wp-content\/themes\/campersoimex\/images\/equipment\/high-res\/controportainzanzariera.jpg\" class=\"et_pb_lightbox_image\"><img decoding=\"async\" src=\"\/wp-content\/themes\/campersoimex\/images\/equipment\/low-res\/controportainzanzariera.jpg\" \/><\/a><\/td>\n<td>controporta in zanzariera<\/td>\n<td>mosquitotuer<\/td>\n<td>mosquito net<\/td>\n<td>komarnik na vhodnih vratih<\/td>\n<td>insektsd\u00f6rr (myggn\u00e4t)<\/td>\n<td>pojistn\u00e9 dve\u0159e okenn\u00edch s\u00edt\u00ed<\/td>\n<\/tr>\n<tr>\n<td><a href=\"\/wp-content\/themes\/campersoimex\/images\/equipment\/high-res\/cruisecontrol.jpg\" class=\"et_pb_lightbox_image\"><img decoding=\"async\" src=\"\/wp-content\/themes\/campersoimex\/images\/equipment\/low-res\/cruisecontrol.jpg\" \/><\/a><\/td>\n<td>cruise control<\/td>\n<td>cruise control<\/td>\n<td>cruise control<\/td>\n<td>cruise control<\/td>\n<td>farth\u00e5llare<\/td>\n<td>tempomat<\/td>\n<\/tr>\n<tr>\n<td><a href=\"\/wp-content\/themes\/campersoimex\/images\/equipment\/high-res\/doppioairbag.jpg\" class=\"et_pb_lightbox_image\"><img decoding=\"async\" src=\"\/wp-content\/themes\/campersoimex\/images\/equipment\/low-res\/doppioairbag.jpg\" \/><\/a><\/td>\n<td>airbag doppio<\/td>\n<td>fahrer und beifahrerairbag<\/td>\n<td>bag driving and passenger side<\/td>\n<td>dvojna zracna blazina<\/td>\n<td>bag driving and passenger side<\/td>\n<td>bag driving and passenger side<\/td>\n<\/tr>\n<tr>\n<td><a href=\"\/wp-content\/themes\/campersoimex\/images\/equipment\/high-res\/frigoacompressore.jpg\" class=\"et_pb_lightbox_image\"><img decoding=\"async\" src=\"\/wp-content\/themes\/campersoimex\/images\/equipment\/low-res\/frigoacompressore.jpg\" \/><\/a><\/td>\n<td>frigo a compressore<\/td>\n<td>kompressor kuehlschrank<\/td>\n<td>compressor fridge<\/td>\n<td>hladilnik s kompresorjem<\/td>\n<td>kylsk\u00e5p med kompressor<\/td>\n<td>kompresorov\u00e1 lednice<\/td>\n<\/tr>\n<tr>\n<td><a href=\"\/wp-content\/themes\/campersoimex\/images\/equipment\/high-res\/luceesterna.jpg\" class=\"et_pb_lightbox_image\"><img decoding=\"async\" src=\"\/wp-content\/themes\/campersoimex\/images\/equipment\/low-res\/luceesterna.jpg\" \/><\/a><\/td>\n<td>luce esterna<\/td>\n<td>aussenleuchte<\/td>\n<td>external light<\/td>\n<td>zunajna luc<\/td>\n<td>utomhus belysning <\/td>\n<td>vn\u011bj\u0161\u00ed osv\u011btlen\u00ed<\/td>\n<\/tr>\n<tr>\n<td><a href=\"\/wp-content\/themes\/campersoimex\/images\/equipment\/high-res\/oblopanoramico.jpg\" class=\"et_pb_lightbox_image\"><img decoding=\"async\" src=\"\/wp-content\/themes\/campersoimex\/images\/equipment\/low-res\/oblopanoramico.jpg\" \/><\/a><\/td>\n<td>obl\u00f2 panoramico<\/td>\n<td>panorama dachlucke<\/td>\n<td>panoramic vent<\/td>\n<td>panoramsko stresno okno<\/td>\n<td>panorama taklucka<\/td>\n<td>panoramatick\u00e9 okno<\/td>\n<\/tr>\n<tr>\n<td><a href=\"\/wp-content\/themes\/campersoimex\/images\/equipment\/high-res\/pannellosolare.jpg\" class=\"et_pb_lightbox_image\"><img decoding=\"async\" src=\"\/wp-content\/themes\/campersoimex\/images\/equipment\/low-res\/pannellosolare.jpg\" \/><\/a><\/td>\n<td>pannello solare<\/td>\n<td>solar panelle<\/td>\n<td>solar panel<\/td>\n<td>soncni kolector<\/td>\n<td>solpanel<\/td>\n<td>sol\u00e1rn\u00ed panel<\/td>\n<\/tr>\n<tr>\n<td><a href=\"\/wp-content\/themes\/campersoimex\/images\/equipment\/high-res\/portatvscorrevole.jpg\" class=\"et_pb_lightbox_image\"><img decoding=\"async\" src=\"\/wp-content\/themes\/campersoimex\/images\/equipment\/low-res\/portatvscorrevole.jpg\" \/><\/a><\/td>\n<td>porta tv scorrevole<\/td>\n<td>ausziehebare tv haelterung<\/td>\n<td>tv bracket<\/td>\n<td>drsni nosilec za tv<\/td>\n<td>TV- h\u00e5llare<\/td>\n<td>dr\u017e\u00e1k tv<\/td>\n<\/tr>\n<tr>\n<td><\/td>\n<td>riscaldamento combi<\/td>\n<td>heizung combi<\/td>\n<td>heating combi<\/td>\n<td>combi ogrevanje<\/td>\n<td>trumav\u00e4rmare<\/td>\n<td>kombinovan\u00e9 topen\u00ed<\/td>\n<\/tr>\n<tr>\n<td><a href=\"\/wp-content\/themes\/campersoimex\/images\/equipment\/high-res\/scalettainterna.jpg\" class=\"et_pb_lightbox_image\"><img decoding=\"async\" src=\"\/wp-content\/themes\/campersoimex\/images\/equipment\/low-res\/scalettainterna.jpg\" \/><\/a><\/td>\n<td>scaletta a uso interno<\/td>\n<td>leiter<\/td>\n<td>ladder<\/td>\n<td>notranja lestev<\/td>\n<td>intern stege<\/td>\n<td>vnit\u0159n\u00ed \u017eeb\u0159\u00edk<\/td>\n<\/tr>\n<tr>\n<td><a href=\"\/wp-content\/themes\/campersoimex\/images\/equipment\/high-res\/sediligirevolicabina.jpg\" class=\"et_pb_lightbox_image\"><img decoding=\"async\" src=\"\/wp-content\/themes\/campersoimex\/images\/equipment\/low-res\/sediligirevolicabina.jpg\" \/><\/a><\/td>\n<td>sedili girevoli cabina<\/td>\n<td>drehbare sitze<\/td>\n<td>seats rotating<\/td>\n<td>vrtjivi sedezi v kabini<\/td>\n<td>pilotstolar<\/td>\n<td>ot\u00e1\u010den\u00ed sedadel<\/td>\n<\/tr>\n<tr>\n<td><a href=\"\/wp-content\/themes\/campersoimex\/images\/equipment\/high-res\/specchielettrici.jpg\" class=\"et_pb_lightbox_image\"><img decoding=\"async\" src=\"\/wp-content\/themes\/campersoimex\/images\/equipment\/low-res\/specchielettrici.jpg\" \/><\/a><\/td>\n<td>specchi elettrici<\/td>\n<td>elektrische fensterheber<\/td>\n<td>electric mirrors<\/td>\n<td>elektricna ogledala<\/td>\n<td>el speglar<\/td>\n<td>elektrick\u00e9 ovl\u00e1d\u00e1n\u00ed zrc\u00e1tek<\/td>\n<\/tr>\n<tr>\n<td><a href=\"\/wp-content\/themes\/campersoimex\/images\/equipment\/high-res\/telecameraperretromarcia.jpg\" class=\"et_pb_lightbox_image\"><img decoding=\"async\" src=\"\/wp-content\/themes\/campersoimex\/images\/equipment\/low-res\/telecameraperretromarcia.jpg\" \/><\/a><\/td>\n<td>telecamera per retromarcia<\/td>\n<td>rueckfahrt kamera<\/td>\n<td>rear view camera<\/td>\n<td>telekamera za vzvratno voznjo<\/td>\n<td>backkamera<\/td>\n<td>zp\u011btn\u00e1 kamera<\/td>\n<\/tr>\n<tr>\n<td><a href=\"\/wp-content\/themes\/campersoimex\/images\/equipment\/high-res\/vetrielettrici.jpg\" class=\"et_pb_lightbox_image\"><img decoding=\"async\" src=\"\/wp-content\/themes\/campersoimex\/images\/equipment\/low-res\/vetrielettrici.jpg\" \/><\/a><\/td>\n<td>vetri elettrici<\/td>\n<td>elektrische spiegel<\/td>\n<td>electric windows<\/td>\n<td>elektricni pomik steke<\/td>\n<td>el f\u00f6nsterhissar<\/td>\n<td>elektrick\u00e9 ovl\u00e1d\u00e1n\u00ed oken<\/td>\n<\/tr>\n<tr>\n<td><a href=\"\/wp-content\/themes\/campersoimex\/images\/equipment\/high-res\/wcacassetta.jpg\" class=\"et_pb_lightbox_image\"><img decoding=\"async\" src=\"\/wp-content\/themes\/campersoimex\/images\/equipment\/low-res\/wcacassetta.jpg\" \/><\/a><\/td>\n<td>wc a cassetta<\/td>\n<td>wc mit kassette<\/td>\n<td>thetford wc<\/td>\n<td>wc predal<\/td>\n<td>kasettoalett<\/td>\n<td>wc thetford<\/td>\n<\/tr>\n<\/table>\n","protected":false},"excerpt":{"rendered":"<p><strong>Modello:<\/strong> MCLOUIS NEVIS 873<\/p>\n<p><strong>Data:<\/strong> <\/p>\n<p><strong>Motore:<\/strong>   2200 Diesel<\/p>\n<p><strong>Lunghezza:<\/strong> 745cm<\/p>\n<p><strong>Posti omologati:<\/strong> 5<\/p>\n<p><strong>Km:<\/strong> 0<\/p>\n<p><strong>Prezzo:<\/strong> \u20ac87000<\/p>\n","protected":false},"author":2,"featured_media":597911,"comment_status":"closed","ping_status":"open","sticky":false,"template":"","format":"standard","meta":{"_et_pb_use_builder":"","_et_pb_old_content":"","_et_gb_content_width":"","_monsterinsights_skip_tracking":false,"_monsterinsights_sitenote_active":false,"_monsterinsights_sitenote_note":"","_monsterinsights_sitenote_category":0,"footnotes":""},"categories":[159],"tags":[241],"class_list":["post-597943","post","type-post","status-publish","format-standard","has-post-thumbnail","hentry","category-new","tag-nuovo-en"],"_links":{"self":[{"href":"https:\/\/www.campersoimex.it\/en\/wp-json\/wp\/v2\/posts\/597943","targetHints":{"allow":["GET"]}}],"collection":[{"href":"https:\/\/www.campersoimex.it\/en\/wp-json\/wp\/v2\/posts"}],"about":[{"href":"https:\/\/www.campersoimex.it\/en\/wp-json\/wp\/v2\/types\/post"}],"author":[{"embeddable":true,"href":"https:\/\/www.campersoimex.it\/en\/wp-json\/wp\/v2\/users\/2"}],"replies":[{"embeddable":true,"href":"https:\/\/www.campersoimex.it\/en\/wp-json\/wp\/v2\/comments?post=597943"}],"version-history":[{"count":1,"href":"https:\/\/www.campersoimex.it\/en\/wp-json\/wp\/v2\/posts\/597943\/revisions"}],"predecessor-version":[{"id":598751,"href":"https:\/\/www.campersoimex.it\/en\/wp-json\/wp\/v2\/posts\/597943\/revisions\/598751"}],"wp:featuredmedia":[{"embeddable":true,"href":"https:\/\/www.campersoimex.it\/en\/wp-json\/wp\/v2\/media\/597911"}],"wp:attachment":[{"href":"https:\/\/www.campersoimex.it\/en\/wp-json\/wp\/v2\/media?parent=597943"}],"wp:term":[{"taxonomy":"category","embeddable":true,"href":"https:\/\/www.campersoimex.it\/en\/wp-json\/wp\/v2\/categories?post=597943"},{"taxonomy":"post_tag","embeddable":true,"href":"https:\/\/www.campersoimex.it\/en\/wp-json\/wp\/v2\/tags?post=597943"}],"curies":[{"name":"wp","href":"https:\/\/api.w.org\/{rel}","templated":true}]}}