{"id":597657,"date":"2026-04-28T03:01:26","date_gmt":"2026-04-28T01:01:26","guid":{"rendered":"https:\/\/www.campersoimex.it\/2026\/04\/laika-kosmo-l-409-2\/"},"modified":"2026-04-28T03:01:27","modified_gmt":"2026-04-28T01:01:27","slug":"laika-kosmo-l-409-2","status":"publish","type":"post","link":"https:\/\/www.campersoimex.it\/en\/2026\/04\/laika-kosmo-l-409-2\/","title":{"rendered":"LAIKA &#8211; KOSMO L 409"},"content":{"rendered":"<p><strong>Modello:<\/strong> LAIKA KOSMO L 409<\/p>\n<p><strong>Data:<\/strong> 05\/2024<\/p>\n<p><strong>Motore:<\/strong>   2200 Diesel<\/p>\n<p><strong>Lunghezza:<\/strong> 740cm<\/p>\n<p><strong>Posti omologati:<\/strong> 4<\/p>\n<p><strong>Km:<\/strong> 38600<\/p>\n<p><strong>Prezzo:<\/strong> \u20ac74800<\/p>\n<p>&nbsp;<\/p>\n<div class=\"et_pb_slider et_pb_slider_fullwidth_off et_pb_gallery_post_type\">\n\t\t\t\t<div class=\"et_pb_slides\">\n\t\t\t\t\t<div class=\"et_pb_slide\" style=\"background: url(https:\/\/www.campersoimex.it\/wp-content\/uploads\/2026\/04\/23609683_E_dpkteosg378ul.jpg);\"><\/div><div class=\"et_pb_slide\" style=\"background: url(https:\/\/www.campersoimex.it\/wp-content\/uploads\/2026\/04\/23609683_E_n09mt7op1y8fi.jpg);\"><\/div><div class=\"et_pb_slide\" style=\"background: url(https:\/\/www.campersoimex.it\/wp-content\/uploads\/2026\/04\/23609683_E_lkzftynq30i1e.jpg);\"><\/div><div class=\"et_pb_slide\" style=\"background: url(https:\/\/www.campersoimex.it\/wp-content\/uploads\/2026\/04\/23609683_E_vtb3487hjxmrd.jpg);\"><\/div><div class=\"et_pb_slide\" style=\"background: url(https:\/\/www.campersoimex.it\/wp-content\/uploads\/2026\/04\/23609683_E_g6ui7w8h9vsy1.jpg);\"><\/div><div class=\"et_pb_slide\" style=\"background: url(https:\/\/www.campersoimex.it\/wp-content\/uploads\/2026\/04\/23609683_E_qvu06j31edl7y.jpg);\"><\/div><div class=\"et_pb_slide\" style=\"background: url(https:\/\/www.campersoimex.it\/wp-content\/uploads\/2026\/04\/23609683_E_r452vzmj3bldq.jpg);\"><\/div><div class=\"et_pb_slide\" style=\"background: url(https:\/\/www.campersoimex.it\/wp-content\/uploads\/2026\/04\/23609683_E_s3wp5ldkqh4xu.jpg);\"><\/div><div class=\"et_pb_slide\" style=\"background: url(https:\/\/www.campersoimex.it\/wp-content\/uploads\/2026\/04\/23609683_E_48u2n6orpqm7i.jpg);\"><\/div><div class=\"et_pb_slide\" style=\"background: url(https:\/\/www.campersoimex.it\/wp-content\/uploads\/2026\/04\/23609683_E_28yeba0ozvdtj.jpg);\"><\/div><div class=\"et_pb_slide\" style=\"background: url(https:\/\/www.campersoimex.it\/wp-content\/uploads\/2026\/04\/23609683_E_g0sn74t8yaf6u.jpg);\"><\/div><div class=\"et_pb_slide\" style=\"background: url(https:\/\/www.campersoimex.it\/wp-content\/uploads\/2026\/04\/23609683_E_ikxvar2nqb4zg.jpg);\"><\/div><div class=\"et_pb_slide\" style=\"background: url(https:\/\/www.campersoimex.it\/wp-content\/uploads\/2026\/04\/23609683_E_urcz1bg254ial.jpg);\"><\/div><div class=\"et_pb_slide\" style=\"background: url(https:\/\/www.campersoimex.it\/wp-content\/uploads\/2026\/04\/23609683_E_458hztwk7c6lf.jpg);\"><\/div><div class=\"et_pb_slide\" style=\"background: url(https:\/\/www.campersoimex.it\/wp-content\/uploads\/2026\/04\/23609683_E_hvr2kyxw8anzq.jpg);\"><\/div><div class=\"et_pb_slide\" style=\"background: url(https:\/\/www.campersoimex.it\/wp-content\/uploads\/2026\/04\/23609683_E_503ale1j4nyom.jpg);\"><\/div><div class=\"et_pb_slide\" style=\"background: url(https:\/\/www.campersoimex.it\/wp-content\/uploads\/2026\/04\/23609683_E_g0c2l5n43rbkf.jpg);\"><\/div><div class=\"et_pb_slide\" style=\"background: url(https:\/\/www.campersoimex.it\/wp-content\/uploads\/2026\/04\/23609683_E_einxpa18klhmj.jpg);\"><\/div><div class=\"et_pb_slide\" style=\"background: url(https:\/\/www.campersoimex.it\/wp-content\/uploads\/2026\/04\/23609683_E_o9xs3lnz7epmv.jpg);\"><\/div><div class=\"et_pb_slide\" style=\"background: url(https:\/\/www.campersoimex.it\/wp-content\/uploads\/2026\/04\/23609683_E_4drqh5bvylswa.jpg);\"><\/div><div class=\"et_pb_slide\" style=\"background: url(https:\/\/www.campersoimex.it\/wp-content\/uploads\/2026\/04\/23609683_E_pg218djizq9o6.jpg);\"><\/div><div class=\"et_pb_slide\" style=\"background: url(https:\/\/www.campersoimex.it\/wp-content\/uploads\/2026\/04\/23609683_E_y5r9ufnldqheo.jpg);\"><\/div><div class=\"et_pb_slide\" style=\"background: url(https:\/\/www.campersoimex.it\/wp-content\/uploads\/2026\/04\/23609683_E_nsjmd1fgte9xi.jpg);\"><\/div><div class=\"et_pb_slide\" style=\"background: url(https:\/\/www.campersoimex.it\/wp-content\/uploads\/2026\/04\/23609683_E_s18l0khzbamei.jpg);\"><\/div><div class=\"et_pb_slide\" style=\"background: url(https:\/\/www.campersoimex.it\/wp-content\/uploads\/2026\/04\/23609683_E_5w9heus3y1vfx.jpg);\"><\/div><div class=\"et_pb_slide\" style=\"background: url(https:\/\/www.campersoimex.it\/wp-content\/uploads\/2026\/04\/23609683_E_dxy43g57auh2e.jpg);\"><\/div><div class=\"et_pb_slide\" style=\"background: url(https:\/\/www.campersoimex.it\/wp-content\/uploads\/2026\/04\/23609683_E_ghwp6nyo7licb.jpg);\"><\/div><div class=\"et_pb_slide\" style=\"background: url(https:\/\/www.campersoimex.it\/wp-content\/uploads\/2026\/04\/23609683_E_8pijof6k5esal.jpg);\"><\/div><div class=\"et_pb_slide\" style=\"background: url(https:\/\/www.campersoimex.it\/wp-content\/uploads\/2026\/04\/23609683_E_em47xdisu96ky.jpg);\"><\/div><div class=\"et_pb_slide\" style=\"background: url(https:\/\/www.campersoimex.it\/wp-content\/uploads\/2026\/04\/23609683_E_yv07bt21zr5ql.jpg);\"><\/div><div class=\"et_pb_slide\" style=\"background: url(https:\/\/www.campersoimex.it\/wp-content\/uploads\/2026\/04\/23609683_E_7j21x9qftvyn8.jpg);\"><\/div><div class=\"et_pb_slide\" style=\"background: url(https:\/\/www.campersoimex.it\/wp-content\/uploads\/2026\/04\/23609683_E_rpewytf07s9gn.jpg);\"><\/div><div class=\"et_pb_slide\" style=\"background: url(https:\/\/www.campersoimex.it\/wp-content\/uploads\/2026\/04\/23609683_E_hx83z7i9621ye.jpg);\"><\/div><div class=\"et_pb_slide\" style=\"background: url(https:\/\/www.campersoimex.it\/wp-content\/uploads\/2026\/04\/23609683_E_qpmf0lvtr8zbk.jpg);\"><\/div><div class=\"et_pb_slide\" style=\"background: url(https:\/\/www.campersoimex.it\/wp-content\/uploads\/2026\/04\/23609683_E_pf2lks9ncoe8y.jpg);\"><\/div><div class=\"et_pb_slide\" style=\"background: url(https:\/\/www.campersoimex.it\/wp-content\/uploads\/2026\/04\/23609683_E_ejo1h3x5bvfau.jpg);\"><\/div><div class=\"et_pb_slide\" style=\"background: url(https:\/\/www.campersoimex.it\/wp-content\/uploads\/2026\/04\/23609683_E_8egst4l0d2u7p.jpg);\"><\/div><div class=\"et_pb_slide\" style=\"background: url(https:\/\/www.campersoimex.it\/wp-content\/uploads\/2026\/04\/23609683_E_ehd7ouilx3q5r.jpg);\"><\/div><div class=\"et_pb_slide\" style=\"background: url(https:\/\/www.campersoimex.it\/wp-content\/uploads\/2026\/04\/23609683_E_verk6b1ch49u2.jpg);\"><\/div><div class=\"et_pb_slide\" style=\"background: url(https:\/\/www.campersoimex.it\/wp-content\/uploads\/2026\/04\/23609683_E_32swnu01vxaj4.jpg);\"><\/div><div class=\"et_pb_slide\" style=\"background: url(https:\/\/www.campersoimex.it\/wp-content\/uploads\/2026\/04\/23609683_E_gv7ozd132mxyl.jpg);\"><\/div><div class=\"et_pb_slide\" style=\"background: url(https:\/\/www.campersoimex.it\/wp-content\/uploads\/2026\/04\/23609683_E_dn6bz7e2xfsai.jpg);\"><\/div><div class=\"et_pb_slide\" style=\"background: url(https:\/\/www.campersoimex.it\/wp-content\/uploads\/2026\/04\/23609683_E_e5jk7i1mun60d.jpg);\"><\/div><div class=\"et_pb_slide\" style=\"background: url(https:\/\/www.campersoimex.it\/wp-content\/uploads\/2026\/04\/23609683_E_zhvk8pwq63dsx.jpg);\"><\/div><div class=\"et_pb_slide\" style=\"background: url(https:\/\/www.campersoimex.it\/wp-content\/uploads\/2026\/04\/23609683_E_l0jpzde81a45i.jpg);\"><\/div><div class=\"et_pb_slide\" style=\"background: url(https:\/\/www.campersoimex.it\/wp-content\/uploads\/2026\/04\/23609683_E_36vrgyloua0x7.jpg);\"><\/div><div class=\"et_pb_slide\" style=\"background: url(https:\/\/www.campersoimex.it\/wp-content\/uploads\/2026\/04\/23609683_E_e6xbgwlkmon5a.jpg);\"><\/div><div class=\"et_pb_slide\" style=\"background: url(https:\/\/www.campersoimex.it\/wp-content\/uploads\/2026\/04\/23609683_E_3xpad6ebnursh.jpg);\"><\/div>\n\t\t\t\t<\/div>\n\t\t\t<\/div>\n<table class=\"camper_accessories\">\n<tr>\n<th><\/th>\n<th align=\"center\"><img decoding=\"async\" src=\"\/wp-content\/uploads\/flags\/flag-it.jpg\" alt=\"it\" \/><\/th>\n<th align=\"center\"><img decoding=\"async\" src=\"\/wp-content\/uploads\/flags\/flag-de.jpg\" alt=\"de\" \/><\/th>\n<th align=\"center\"><img decoding=\"async\" src=\"\/wp-content\/uploads\/flags\/flag-en.jpg\" alt=\"en\" \/><\/th>\n<th align=\"center\"><img decoding=\"async\" src=\"\/wp-content\/uploads\/flags\/flag-slo.jpg\" alt=\"slo\" \/><\/th>\n<th align=\"center\"><img decoding=\"async\" src=\"\/wp-content\/uploads\/flags\/flag-se.jpg\" alt=\"se\" \/><\/th>\n<th align=\"center\"><img decoding=\"async\" src=\"\/wp-content\/uploads\/flags\/flag-cz.jpg\" alt=\"cz\" \/><\/th>\n<\/tr>\n<tr>\n<td><a href=\"\/wp-content\/themes\/campersoimex\/images\/equipment\/high-res\/abs.jpg\" class=\"et_pb_lightbox_image\"><img decoding=\"async\" src=\"\/wp-content\/themes\/campersoimex\/images\/equipment\/low-res\/abs.jpg\" \/><\/a><\/td>\n<td>ABS<\/td>\n<td>ABS<\/td>\n<td>ABS<\/td>\n<td>ABS<\/td>\n<td>ABS<\/td>\n<td>ABS<\/td>\n<\/tr>\n<tr>\n<td><a href=\"\/wp-content\/themes\/campersoimex\/images\/equipment\/high-res\/antifurto.jpg\" class=\"et_pb_lightbox_image\"><img decoding=\"async\" src=\"\/wp-content\/themes\/campersoimex\/images\/equipment\/low-res\/antifurto.jpg\" \/><\/a><\/td>\n<td>antifurto<\/td>\n<td>alarm<\/td>\n<td>alarm<\/td>\n<td>alarm<\/td>\n<td>larm<\/td>\n<td>alarm proti odcizen\u00ed<\/td>\n<\/tr>\n<tr>\n<td><a href=\"\/wp-content\/themes\/campersoimex\/images\/equipment\/high-res\/ariacondizionatacellula.jpg\" class=\"et_pb_lightbox_image\"><img decoding=\"async\" src=\"\/wp-content\/themes\/campersoimex\/images\/equipment\/low-res\/ariacondizionatacellula.jpg\" \/><\/a><\/td>\n<td>aria condizionata celliula<\/td>\n<td>wohnraumklima 220 v<\/td>\n<td>rear air conditioning<\/td>\n<td>klima v bivalnem prostoru<\/td>\n<td>luftkonditionering cell<\/td>\n<td>bu\u0148ka klimatizace<\/td>\n<\/tr>\n<tr>\n<td><a href=\"\/wp-content\/themes\/campersoimex\/images\/equipment\/high-res\/asr.jpg\" class=\"et_pb_lightbox_image\"><img decoding=\"async\" src=\"\/wp-content\/themes\/campersoimex\/images\/equipment\/low-res\/asr.jpg\" \/><\/a><\/td>\n<td>ASR<\/td>\n<td>ASR<\/td>\n<td>ASR<\/td>\n<td>ASR<\/td>\n<td>ASR<\/td>\n<td>ASR<\/td>\n<\/tr>\n<tr>\n<td><a href=\"\/wp-content\/themes\/campersoimex\/images\/equipment\/high-res\/autoradio.jpg\" class=\"et_pb_lightbox_image\"><img decoding=\"async\" src=\"\/wp-content\/themes\/campersoimex\/images\/equipment\/low-res\/autoradio.jpg\" \/><\/a><\/td>\n<td>autoradio<\/td>\n<td>stereoanlage<\/td>\n<td>radio<\/td>\n<td>avtoradio<\/td>\n<td>radio<\/td>\n<td>radio<\/td>\n<\/tr>\n<tr>\n<td><a href=\"\/wp-content\/themes\/campersoimex\/images\/equipment\/high-res\/chiusuracentralizzata.jpg\" class=\"et_pb_lightbox_image\"><img decoding=\"async\" src=\"\/wp-content\/themes\/campersoimex\/images\/equipment\/low-res\/chiusuracentralizzata.jpg\" \/><\/a><\/td>\n<td>chiusure centralizzate<\/td>\n<td>zentralverregelung<\/td>\n<td>central locking<\/td>\n<td>centralno zaklepanje<\/td>\n<td>centrall\u00e5s<\/td>\n<td>centr\u00e1ln\u00ed zamyk\u00e1n\u00ed<\/td>\n<\/tr>\n<tr>\n<td><a href=\"\/wp-content\/themes\/campersoimex\/images\/equipment\/high-res\/climamotore.jpg\" class=\"et_pb_lightbox_image\"><img decoding=\"async\" src=\"\/wp-content\/themes\/campersoimex\/images\/equipment\/low-res\/climamotore.jpg\" \/><\/a><\/td>\n<td>aria condizionata motore<\/td>\n<td>motorklima<\/td>\n<td>engine air conditioning<\/td>\n<td>klima<\/td>\n<td>clima<\/td>\n<td>clima<\/td>\n<\/tr>\n<tr>\n<td><a href=\"\/wp-content\/themes\/campersoimex\/images\/equipment\/high-res\/controportainzanzariera.jpg\" class=\"et_pb_lightbox_image\"><img decoding=\"async\" src=\"\/wp-content\/themes\/campersoimex\/images\/equipment\/low-res\/controportainzanzariera.jpg\" \/><\/a><\/td>\n<td>controporta in zanzariera<\/td>\n<td>mosquitotuer<\/td>\n<td>mosquito net<\/td>\n<td>komarnik na vhodnih vratih<\/td>\n<td>insektsd\u00f6rr (myggn\u00e4t)<\/td>\n<td>pojistn\u00e9 dve\u0159e okenn\u00edch s\u00edt\u00ed<\/td>\n<\/tr>\n<tr>\n<td><a href=\"\/wp-content\/themes\/campersoimex\/images\/equipment\/high-res\/cruisecontrol.jpg\" class=\"et_pb_lightbox_image\"><img decoding=\"async\" src=\"\/wp-content\/themes\/campersoimex\/images\/equipment\/low-res\/cruisecontrol.jpg\" \/><\/a><\/td>\n<td>cruise control<\/td>\n<td>cruise control<\/td>\n<td>cruise control<\/td>\n<td>cruise control<\/td>\n<td>farth\u00e5llare<\/td>\n<td>tempomat<\/td>\n<\/tr>\n<tr>\n<td><a href=\"\/wp-content\/themes\/campersoimex\/images\/equipment\/high-res\/docciaseparata.jpg\" class=\"et_pb_lightbox_image\"><img decoding=\"async\" src=\"\/wp-content\/themes\/campersoimex\/images\/equipment\/low-res\/docciaseparata.jpg\" \/><\/a><\/td>\n<td>doccia separata<\/td>\n<td>getrennte dusche<\/td>\n<td>separate shower<\/td>\n<td>locen tus<\/td>\n<td>duschkabin med avskiljande d\u00f6rr<\/td>\n<td>samostatn\u00e1 sprcha<\/td>\n<\/tr>\n<tr>\n<td><a href=\"\/wp-content\/themes\/campersoimex\/images\/equipment\/high-res\/doppioairbag.jpg\" class=\"et_pb_lightbox_image\"><img decoding=\"async\" src=\"\/wp-content\/themes\/campersoimex\/images\/equipment\/low-res\/doppioairbag.jpg\" \/><\/a><\/td>\n<td>airbag doppio<\/td>\n<td>fahrer und beifahrerairbag<\/td>\n<td>bag driving and passenger side<\/td>\n<td>dvojna zracna blazina<\/td>\n<td>bag driving and passenger side<\/td>\n<td>bag driving and passenger side<\/td>\n<\/tr>\n<tr>\n<td><a href=\"\/wp-content\/themes\/campersoimex\/images\/equipment\/high-res\/frigofreezer.jpg\" class=\"et_pb_lightbox_image\"><img decoding=\"async\" src=\"\/wp-content\/themes\/campersoimex\/images\/equipment\/low-res\/frigofreezer.jpg\" \/><\/a><\/td>\n<td>frigo trivalente con frizer separato<\/td>\n<td>kombi kuehlschrank mit gefrierfach<\/td>\n<td>3 way fridge + separate freezer<\/td>\n<td>trivalenten hladilnik z locenim zamrzovalnikom<\/td>\n<td>trefunktionellt kylsk\u00e5p med separat frys<\/td>\n<td>absorp\u010dn\u00ed lednice s odd\u011blen\u00fdm mraz\u00e1kem<\/td>\n<\/tr>\n<tr>\n<td><a href=\"\/wp-content\/themes\/campersoimex\/images\/equipment\/high-res\/luceesterna.jpg\" class=\"et_pb_lightbox_image\"><img decoding=\"async\" src=\"\/wp-content\/themes\/campersoimex\/images\/equipment\/low-res\/luceesterna.jpg\" \/><\/a><\/td>\n<td>luce esterna<\/td>\n<td>aussenleuchte<\/td>\n<td>external light<\/td>\n<td>zunajna luc<\/td>\n<td>utomhus belysning <\/td>\n<td>vn\u011bj\u0161\u00ed osv\u011btlen\u00ed<\/td>\n<\/tr>\n<tr>\n<td><a href=\"\/wp-content\/themes\/campersoimex\/images\/equipment\/high-res\/moquette.jpg\" class=\"et_pb_lightbox_image\"><img decoding=\"async\" src=\"\/wp-content\/themes\/campersoimex\/images\/equipment\/low-res\/moquette.jpg\" \/><\/a><\/td>\n<td>moquette<\/td>\n<td>teppich<\/td>\n<td>carpet<\/td>\n<td>itison<\/td>\n<td>helt\u00e4ckningsmatta<\/td>\n<td>koberec<\/td>\n<\/tr>\n<tr>\n<td><a href=\"\/wp-content\/themes\/campersoimex\/images\/equipment\/high-res\/oblopanoramico.jpg\" class=\"et_pb_lightbox_image\"><img decoding=\"async\" src=\"\/wp-content\/themes\/campersoimex\/images\/equipment\/low-res\/oblopanoramico.jpg\" \/><\/a><\/td>\n<td>obl\u00f2 panoramico<\/td>\n<td>panorama dachlucke<\/td>\n<td>panoramic vent<\/td>\n<td>panoramsko stresno okno<\/td>\n<td>panorama taklucka<\/td>\n<td>panoramatick\u00e9 okno<\/td>\n<\/tr>\n<tr>\n<td><\/td>\n<td>oscuranti termici cabina interni<\/td>\n<td>thermomatte innen<\/td>\n<td>internal thermo windsceen cover<\/td>\n<td>notranji termicni sencniki v kabini<\/td>\n<td>inv\u00e4ndig isoleringsmatta<\/td>\n<td>vnit\u0159n\u00ed izola\u010dn\u00ed clona kabiny<\/td>\n<\/tr>\n<tr>\n<td><a href=\"\/wp-content\/themes\/campersoimex\/images\/equipment\/high-res\/portabici.jpg\" class=\"et_pb_lightbox_image\"><img decoding=\"async\" src=\"\/wp-content\/themes\/campersoimex\/images\/equipment\/low-res\/portabici.jpg\" \/><\/a><\/td>\n<td>portabiciclette<\/td>\n<td>fahrradtraeger<\/td>\n<td>bike carrier<\/td>\n<td>nosilec za kolesa<\/td>\n<td>cyckelh\u00e5llare<\/td>\n<td>dr\u017e\u00e1k pro kola<\/td>\n<\/tr>\n<tr>\n<td><a href=\"\/wp-content\/themes\/campersoimex\/images\/equipment\/high-res\/riscaldamentocombi.jpg\" class=\"et_pb_lightbox_image\"><img decoding=\"async\" src=\"\/wp-content\/themes\/campersoimex\/images\/equipment\/low-res\/riscaldamentocombi.jpg\" \/><\/a><\/td>\n<td>riscaldamento combi<\/td>\n<td>heizung combi<\/td>\n<td>heating combi<\/td>\n<td>combi ogrevanje<\/td>\n<td>trumav\u00e4rmare<\/td>\n<td>kombinovan\u00e9 topen\u00ed<\/td>\n<\/tr>\n<tr>\n<td><a href=\"\/wp-content\/themes\/campersoimex\/images\/equipment\/high-res\/specchielettrici.jpg\" class=\"et_pb_lightbox_image\"><img decoding=\"async\" src=\"\/wp-content\/themes\/campersoimex\/images\/equipment\/low-res\/specchielettrici.jpg\" \/><\/a><\/td>\n<td>specchi elettrici<\/td>\n<td>elektrische fensterheber<\/td>\n<td>electric mirrors<\/td>\n<td>elektricna ogledala<\/td>\n<td>el speglar<\/td>\n<td>elektrick\u00e9 ovl\u00e1d\u00e1n\u00ed zrc\u00e1tek<\/td>\n<\/tr>\n<tr>\n<td><a href=\"\/wp-content\/themes\/campersoimex\/images\/equipment\/high-res\/veranda.jpg\" class=\"et_pb_lightbox_image\"><img decoding=\"async\" src=\"\/wp-content\/themes\/campersoimex\/images\/equipment\/low-res\/veranda.jpg\" \/><\/a><\/td>\n<td>veranda<\/td>\n<td>vorzelt<\/td>\n<td>veranda<\/td>\n<td>veranda<\/td>\n<td>markis<\/td>\n<td>veranda<\/td>\n<\/tr>\n<tr>\n<td><a href=\"\/wp-content\/themes\/campersoimex\/images\/equipment\/high-res\/vetrielettrici.jpg\" class=\"et_pb_lightbox_image\"><img decoding=\"async\" src=\"\/wp-content\/themes\/campersoimex\/images\/equipment\/low-res\/vetrielettrici.jpg\" \/><\/a><\/td>\n<td>vetri elettrici<\/td>\n<td>elektrische spiegel<\/td>\n<td>electric windows<\/td>\n<td>elektricni pomik steke<\/td>\n<td>el f\u00f6nsterhissar<\/td>\n<td>elektrick\u00e9 ovl\u00e1d\u00e1n\u00ed oken<\/td>\n<\/tr>\n<tr>\n<td><a href=\"\/wp-content\/themes\/campersoimex\/images\/equipment\/high-res\/wcacassetta.jpg\" class=\"et_pb_lightbox_image\"><img decoding=\"async\" src=\"\/wp-content\/themes\/campersoimex\/images\/equipment\/low-res\/wcacassetta.jpg\" \/><\/a><\/td>\n<td>wc a cassetta<\/td>\n<td>wc mit kassette<\/td>\n<td>thetford wc<\/td>\n<td>wc predal<\/td>\n<td>kasettoalett<\/td>\n<td>wc thetford<\/td>\n<\/tr>\n<\/table>\n","protected":false},"excerpt":{"rendered":"<p><strong>Modello:<\/strong> LAIKA KOSMO L 409<\/p>\n<p><strong>Data:<\/strong> 05\/2024<\/p>\n<p><strong>Motore:<\/strong>   2200 Diesel<\/p>\n<p><strong>Lunghezza:<\/strong> 740cm<\/p>\n<p><strong>Posti omologati:<\/strong> 4<\/p>\n<p><strong>Km:<\/strong> 38600<\/p>\n<p><strong>Prezzo:<\/strong> \u20ac74800<\/p>\n","protected":false},"author":2,"featured_media":597608,"comment_status":"closed","ping_status":"open","sticky":false,"template":"","format":"standard","meta":{"_et_pb_use_builder":"","_et_pb_old_content":"","_et_gb_content_width":"","_monsterinsights_skip_tracking":false,"_monsterinsights_sitenote_active":false,"_monsterinsights_sitenote_note":"","_monsterinsights_sitenote_category":0,"footnotes":""},"categories":[189,167],"tags":[246,196],"class_list":["post-597657","post","type-post","status-publish","format-standard","has-post-thumbnail","hentry","category-semintegrale-eng","category-used","tag-semintegrale-en","tag-usato-en"],"_links":{"self":[{"href":"https:\/\/www.campersoimex.it\/en\/wp-json\/wp\/v2\/posts\/597657","targetHints":{"allow":["GET"]}}],"collection":[{"href":"https:\/\/www.campersoimex.it\/en\/wp-json\/wp\/v2\/posts"}],"about":[{"href":"https:\/\/www.campersoimex.it\/en\/wp-json\/wp\/v2\/types\/post"}],"author":[{"embeddable":true,"href":"https:\/\/www.campersoimex.it\/en\/wp-json\/wp\/v2\/users\/2"}],"replies":[{"embeddable":true,"href":"https:\/\/www.campersoimex.it\/en\/wp-json\/wp\/v2\/comments?post=597657"}],"version-history":[{"count":1,"href":"https:\/\/www.campersoimex.it\/en\/wp-json\/wp\/v2\/posts\/597657\/revisions"}],"predecessor-version":[{"id":598481,"href":"https:\/\/www.campersoimex.it\/en\/wp-json\/wp\/v2\/posts\/597657\/revisions\/598481"}],"wp:featuredmedia":[{"embeddable":true,"href":"https:\/\/www.campersoimex.it\/en\/wp-json\/wp\/v2\/media\/597608"}],"wp:attachment":[{"href":"https:\/\/www.campersoimex.it\/en\/wp-json\/wp\/v2\/media?parent=597657"}],"wp:term":[{"taxonomy":"category","embeddable":true,"href":"https:\/\/www.campersoimex.it\/en\/wp-json\/wp\/v2\/categories?post=597657"},{"taxonomy":"post_tag","embeddable":true,"href":"https:\/\/www.campersoimex.it\/en\/wp-json\/wp\/v2\/tags?post=597657"}],"curies":[{"name":"wp","href":"https:\/\/api.w.org\/{rel}","templated":true}]}}