{"id":596714,"date":"2026-04-28T03:01:15","date_gmt":"2026-04-28T01:01:15","guid":{"rendered":"https:\/\/www.campersoimex.it\/2026\/04\/laika-ecovip-2009\/"},"modified":"2026-04-28T03:01:16","modified_gmt":"2026-04-28T01:01:16","slug":"laika-ecovip-2009","status":"publish","type":"post","link":"https:\/\/www.campersoimex.it\/en\/2026\/04\/laika-ecovip-2009\/","title":{"rendered":"LAIKA &#8211; ECOVIP 2009"},"content":{"rendered":"<p><strong>Modello:<\/strong> LAIKA ECOVIP 2009<\/p>\n<p><strong>Data:<\/strong> 01\/2026<\/p>\n<p><strong>Motore:<\/strong>   2200 Diesel<\/p>\n<p><strong>Lunghezza:<\/strong> 659cm<\/p>\n<p><strong>Posti omologati:<\/strong> 4<\/p>\n<p><strong>Km:<\/strong> 0<\/p>\n<p><strong>Prezzo:<\/strong> \u20ac79800<\/p>\n<p>&nbsp;<\/p>\n<div class=\"et_pb_slider et_pb_slider_fullwidth_off et_pb_gallery_post_type\">\n\t\t\t\t<div class=\"et_pb_slides\">\n\t\t\t\t\t<div class=\"et_pb_slide\" style=\"background: url(https:\/\/www.campersoimex.it\/wp-content\/uploads\/2026\/04\/23597399_E_mxjh5d04r3zp8.jpg);\"><\/div><div class=\"et_pb_slide\" style=\"background: url(https:\/\/www.campersoimex.it\/wp-content\/uploads\/2026\/04\/23597399_E_i4fvc5ht6sr9j.jpg);\"><\/div><div class=\"et_pb_slide\" style=\"background: url(https:\/\/www.campersoimex.it\/wp-content\/uploads\/2026\/04\/23597399_E_4ilvr5fkt3wne.jpg);\"><\/div><div class=\"et_pb_slide\" style=\"background: url(https:\/\/www.campersoimex.it\/wp-content\/uploads\/2026\/04\/23597399_E_bcgwx53je4ymi.jpg);\"><\/div><div class=\"et_pb_slide\" style=\"background: url(https:\/\/www.campersoimex.it\/wp-content\/uploads\/2026\/04\/23597399_E_euplnv5tjhibc.jpg);\"><\/div><div class=\"et_pb_slide\" style=\"background: url(https:\/\/www.campersoimex.it\/wp-content\/uploads\/2026\/04\/23597399_E_w7b4fpjl18dcx.jpg);\"><\/div><div class=\"et_pb_slide\" style=\"background: url(https:\/\/www.campersoimex.it\/wp-content\/uploads\/2026\/04\/23597399_E_xn4g7k2mwyuzl.jpg);\"><\/div><div class=\"et_pb_slide\" style=\"background: url(https:\/\/www.campersoimex.it\/wp-content\/uploads\/2026\/04\/23597399_E_4vk8s16w2zujr.jpg);\"><\/div><div class=\"et_pb_slide\" style=\"background: url(https:\/\/www.campersoimex.it\/wp-content\/uploads\/2026\/04\/23597399_E_xncaqryhlepvt.jpg);\"><\/div><div class=\"et_pb_slide\" style=\"background: url(https:\/\/www.campersoimex.it\/wp-content\/uploads\/2026\/04\/23597399_E_p6iuqyjvmcekf.jpg);\"><\/div><div class=\"et_pb_slide\" style=\"background: url(https:\/\/www.campersoimex.it\/wp-content\/uploads\/2026\/04\/23597399_E_qmwaf0i9lhbed.jpg);\"><\/div><div class=\"et_pb_slide\" style=\"background: url(https:\/\/www.campersoimex.it\/wp-content\/uploads\/2026\/04\/23597399_E_mfzd7ebnwj2t4.jpg);\"><\/div><div class=\"et_pb_slide\" style=\"background: url(https:\/\/www.campersoimex.it\/wp-content\/uploads\/2026\/04\/23597399_E_g6j2hutkf4ai9.jpg);\"><\/div><div class=\"et_pb_slide\" style=\"background: url(https:\/\/www.campersoimex.it\/wp-content\/uploads\/2026\/04\/23597399_E_9awsfcgy8tp37.jpg);\"><\/div><div class=\"et_pb_slide\" style=\"background: url(https:\/\/www.campersoimex.it\/wp-content\/uploads\/2026\/04\/23597399_E_x3r0615j7zdob.jpg);\"><\/div><div class=\"et_pb_slide\" style=\"background: url(https:\/\/www.campersoimex.it\/wp-content\/uploads\/2026\/04\/23597399_E_6ycaj83vfkgir.jpg);\"><\/div><div class=\"et_pb_slide\" style=\"background: url(https:\/\/www.campersoimex.it\/wp-content\/uploads\/2026\/04\/23597399_E_y4ox3jgp720ud.jpg);\"><\/div><div class=\"et_pb_slide\" style=\"background: url(https:\/\/www.campersoimex.it\/wp-content\/uploads\/2026\/04\/23597399_E_criz2qj48wepl.jpg);\"><\/div><div class=\"et_pb_slide\" style=\"background: url(https:\/\/www.campersoimex.it\/wp-content\/uploads\/2026\/04\/23597399_E_vubf9zystmcpn.jpg);\"><\/div><div class=\"et_pb_slide\" style=\"background: url(https:\/\/www.campersoimex.it\/wp-content\/uploads\/2026\/04\/23597399_E_0z5p7rq34myh6.jpg);\"><\/div><div class=\"et_pb_slide\" style=\"background: url(https:\/\/www.campersoimex.it\/wp-content\/uploads\/2026\/04\/23597399_E_ivnjpmf93ah1o.jpg);\"><\/div><div class=\"et_pb_slide\" style=\"background: url(https:\/\/www.campersoimex.it\/wp-content\/uploads\/2026\/04\/23597399_E_q72zafm5bkx8t.jpg);\"><\/div><div class=\"et_pb_slide\" style=\"background: url(https:\/\/www.campersoimex.it\/wp-content\/uploads\/2026\/04\/23597399_E_myagqt2p8oxl3.jpg);\"><\/div><div class=\"et_pb_slide\" style=\"background: url(https:\/\/www.campersoimex.it\/wp-content\/uploads\/2026\/04\/23597399_E_viwpj7c4mldet.jpg);\"><\/div><div class=\"et_pb_slide\" style=\"background: url(https:\/\/www.campersoimex.it\/wp-content\/uploads\/2026\/04\/23597399_E_2uwpjstlk3xh4.jpg);\"><\/div><div class=\"et_pb_slide\" style=\"background: url(https:\/\/www.campersoimex.it\/wp-content\/uploads\/2026\/04\/23597399_E_d3ag2oi945xr6.jpg);\"><\/div><div class=\"et_pb_slide\" style=\"background: url(https:\/\/www.campersoimex.it\/wp-content\/uploads\/2026\/04\/23597399_E_xd07a9igfvcru.jpg);\"><\/div><div class=\"et_pb_slide\" style=\"background: url(https:\/\/www.campersoimex.it\/wp-content\/uploads\/2026\/04\/23597399_E_irq8jz751hklx.jpg);\"><\/div><div class=\"et_pb_slide\" style=\"background: url(https:\/\/www.campersoimex.it\/wp-content\/uploads\/2026\/04\/23597399_E_skau48myvle6x.jpg);\"><\/div><div class=\"et_pb_slide\" style=\"background: url(https:\/\/www.campersoimex.it\/wp-content\/uploads\/2026\/04\/23597399_E_emothnzjx1g7s.jpg);\"><\/div><div class=\"et_pb_slide\" style=\"background: url(https:\/\/www.campersoimex.it\/wp-content\/uploads\/2026\/04\/23597399_E_uxnbraov3c9ws.jpg);\"><\/div><div class=\"et_pb_slide\" style=\"background: url(https:\/\/www.campersoimex.it\/wp-content\/uploads\/2026\/04\/23597399_E_n5xs30p269eyz.jpg);\"><\/div><div class=\"et_pb_slide\" style=\"background: url(https:\/\/www.campersoimex.it\/wp-content\/uploads\/2026\/04\/23597399_E_iwxpo9s1mchzn.jpg);\"><\/div>\n\t\t\t\t<\/div>\n\t\t\t<\/div>\n<table class=\"camper_accessories\">\n<tr>\n<th><\/th>\n<th align=\"center\"><img decoding=\"async\" src=\"\/wp-content\/uploads\/flags\/flag-it.jpg\" alt=\"it\" \/><\/th>\n<th align=\"center\"><img decoding=\"async\" src=\"\/wp-content\/uploads\/flags\/flag-de.jpg\" alt=\"de\" \/><\/th>\n<th align=\"center\"><img decoding=\"async\" src=\"\/wp-content\/uploads\/flags\/flag-en.jpg\" alt=\"en\" \/><\/th>\n<th align=\"center\"><img decoding=\"async\" src=\"\/wp-content\/uploads\/flags\/flag-slo.jpg\" alt=\"slo\" \/><\/th>\n<th align=\"center\"><img decoding=\"async\" src=\"\/wp-content\/uploads\/flags\/flag-se.jpg\" alt=\"se\" \/><\/th>\n<th align=\"center\"><img decoding=\"async\" src=\"\/wp-content\/uploads\/flags\/flag-cz.jpg\" alt=\"cz\" \/><\/th>\n<\/tr>\n<tr>\n<td><a href=\"\/wp-content\/themes\/campersoimex\/images\/equipment\/high-res\/abs.jpg\" class=\"et_pb_lightbox_image\"><img decoding=\"async\" src=\"\/wp-content\/themes\/campersoimex\/images\/equipment\/low-res\/abs.jpg\" \/><\/a><\/td>\n<td>ABS<\/td>\n<td>ABS<\/td>\n<td>ABS<\/td>\n<td>ABS<\/td>\n<td>ABS<\/td>\n<td>ABS<\/td>\n<\/tr>\n<tr>\n<td><a href=\"\/wp-content\/themes\/campersoimex\/images\/equipment\/high-res\/asr.jpg\" class=\"et_pb_lightbox_image\"><img decoding=\"async\" src=\"\/wp-content\/themes\/campersoimex\/images\/equipment\/low-res\/asr.jpg\" \/><\/a><\/td>\n<td>ASR<\/td>\n<td>ASR<\/td>\n<td>ASR<\/td>\n<td>ASR<\/td>\n<td>ASR<\/td>\n<td>ASR<\/td>\n<\/tr>\n<tr>\n<td><a href=\"\/wp-content\/themes\/campersoimex\/images\/equipment\/high-res\/cappaaspirante.jpg\" class=\"et_pb_lightbox_image\"><img decoding=\"async\" src=\"\/wp-content\/themes\/campersoimex\/images\/equipment\/low-res\/cappaaspirante.jpg\" \/><\/a><\/td>\n<td>cappa aspirante<\/td>\n<td>dunstabzug<\/td>\n<td>cooker hood<\/td>\n<td>kuhinjska napa<\/td>\n<td>k\u00f6ksfl\u00e4kt<\/td>\n<td>digestro\u0159<\/td>\n<\/tr>\n<tr>\n<td><a href=\"\/wp-content\/themes\/campersoimex\/images\/equipment\/high-res\/chiusuracentralizzata.jpg\" class=\"et_pb_lightbox_image\"><img decoding=\"async\" src=\"\/wp-content\/themes\/campersoimex\/images\/equipment\/low-res\/chiusuracentralizzata.jpg\" \/><\/a><\/td>\n<td>chiusure centralizzate<\/td>\n<td>zentralverregelung<\/td>\n<td>central locking<\/td>\n<td>centralno zaklepanje<\/td>\n<td>centrall\u00e5s<\/td>\n<td>centr\u00e1ln\u00ed zamyk\u00e1n\u00ed<\/td>\n<\/tr>\n<tr>\n<td><a href=\"\/wp-content\/themes\/campersoimex\/images\/equipment\/high-res\/climamotore.jpg\" class=\"et_pb_lightbox_image\"><img decoding=\"async\" src=\"\/wp-content\/themes\/campersoimex\/images\/equipment\/low-res\/climamotore.jpg\" \/><\/a><\/td>\n<td>aria condizionata motore<\/td>\n<td>motorklima<\/td>\n<td>engine air conditioning<\/td>\n<td>klima<\/td>\n<td>clima<\/td>\n<td>clima<\/td>\n<\/tr>\n<tr>\n<td><a href=\"\/wp-content\/themes\/campersoimex\/images\/equipment\/high-res\/controportainzanzariera.jpg\" class=\"et_pb_lightbox_image\"><img decoding=\"async\" src=\"\/wp-content\/themes\/campersoimex\/images\/equipment\/low-res\/controportainzanzariera.jpg\" \/><\/a><\/td>\n<td>controporta in zanzariera<\/td>\n<td>mosquitotuer<\/td>\n<td>mosquito net<\/td>\n<td>komarnik na vhodnih vratih<\/td>\n<td>insektsd\u00f6rr (myggn\u00e4t)<\/td>\n<td>pojistn\u00e9 dve\u0159e okenn\u00edch s\u00edt\u00ed<\/td>\n<\/tr>\n<tr>\n<td><a href=\"\/wp-content\/themes\/campersoimex\/images\/equipment\/high-res\/cruisecontrol.jpg\" class=\"et_pb_lightbox_image\"><img decoding=\"async\" src=\"\/wp-content\/themes\/campersoimex\/images\/equipment\/low-res\/cruisecontrol.jpg\" \/><\/a><\/td>\n<td>cruise control<\/td>\n<td>cruise control<\/td>\n<td>cruise control<\/td>\n<td>cruise control<\/td>\n<td>farth\u00e5llare<\/td>\n<td>tempomat<\/td>\n<\/tr>\n<tr>\n<td><a href=\"\/wp-content\/themes\/campersoimex\/images\/equipment\/high-res\/docciaesternafredda.jpg\" class=\"et_pb_lightbox_image\"><img decoding=\"async\" src=\"\/wp-content\/themes\/campersoimex\/images\/equipment\/low-res\/docciaesternafredda.jpg\" \/><\/a><\/td>\n<td>presa acqua fredda esterna<\/td>\n<td>extern dusche<\/td>\n<td>external water hose<\/td>\n<td>zunanji priklop mrzle vode<\/td>\n<td>servicelucka med \u00e5terkomst fr\u00e5n utsidan med vattenkranar<\/td>\n<td>vn\u011bj\u0161\u00ed hadice na vodu<\/td>\n<\/tr>\n<tr>\n<td><a href=\"\/wp-content\/themes\/campersoimex\/images\/equipment\/high-res\/doppioairbag.jpg\" class=\"et_pb_lightbox_image\"><img decoding=\"async\" src=\"\/wp-content\/themes\/campersoimex\/images\/equipment\/low-res\/doppioairbag.jpg\" \/><\/a><\/td>\n<td>airbag doppio<\/td>\n<td>fahrer und beifahrerairbag<\/td>\n<td>bag driving and passenger side<\/td>\n<td>dvojna zracna blazina<\/td>\n<td>bag driving and passenger side<\/td>\n<td>bag driving and passenger side<\/td>\n<\/tr>\n<tr>\n<td><a href=\"\/wp-content\/themes\/campersoimex\/images\/equipment\/high-res\/doppiopavimento.jpg\" class=\"et_pb_lightbox_image\"><img decoding=\"async\" src=\"\/wp-content\/themes\/campersoimex\/images\/equipment\/low-res\/doppiopavimento.jpg\" \/><\/a><\/td>\n<td>doppio pavimento<\/td>\n<td>doppelte boden<\/td>\n<td>double floor<\/td>\n<td>dvojno dno<\/td>\n<td>dubbelgolv<\/td>\n<td>dvojit\u00e1 podlaha<\/td>\n<\/tr>\n<tr>\n<td><a href=\"\/wp-content\/themes\/campersoimex\/images\/equipment\/high-res\/frigotrivalente.jpg\" class=\"et_pb_lightbox_image\"><img decoding=\"async\" src=\"\/wp-content\/themes\/campersoimex\/images\/equipment\/low-res\/frigotrivalente.jpg\" \/><\/a><\/td>\n<td>frigo trivalente<\/td>\n<td>kombi kuehlschrank<\/td>\n<td>three way fridge<\/td>\n<td>trivalenten hladilnik<\/td>\n<td>trefunktionellt kylsk\u00e5p<\/td>\n<td>absorp\u010dn\u00ed lednice<\/td>\n<\/tr>\n<tr>\n<td><a href=\"\/wp-content\/themes\/campersoimex\/images\/equipment\/high-res\/gradinoelettrico.jpg\" class=\"et_pb_lightbox_image\"><img decoding=\"async\" src=\"\/wp-content\/themes\/campersoimex\/images\/equipment\/low-res\/gradinoelettrico.jpg\" \/><\/a><\/td>\n<td>gradino elettrico<\/td>\n<td>elektrische treppe<\/td>\n<td>electric step<\/td>\n<td>elektricna stopnicka<\/td>\n<td>el fotsteg<\/td>\n<td>elektrick\u00fd stup\u00ednek<\/td>\n<\/tr>\n<tr>\n<td><a href=\"\/wp-content\/themes\/campersoimex\/images\/equipment\/high-res\/luceesterna.jpg\" class=\"et_pb_lightbox_image\"><img decoding=\"async\" src=\"\/wp-content\/themes\/campersoimex\/images\/equipment\/low-res\/luceesterna.jpg\" \/><\/a><\/td>\n<td>luce esterna<\/td>\n<td>aussenleuchte<\/td>\n<td>external light<\/td>\n<td>zunajna luc<\/td>\n<td>utomhus belysning <\/td>\n<td>vn\u011bj\u0161\u00ed osv\u011btlen\u00ed<\/td>\n<\/tr>\n<tr>\n<td><a href=\"\/wp-content\/themes\/campersoimex\/images\/equipment\/high-res\/oblopanoramico.jpg\" class=\"et_pb_lightbox_image\"><img decoding=\"async\" src=\"\/wp-content\/themes\/campersoimex\/images\/equipment\/low-res\/oblopanoramico.jpg\" \/><\/a><\/td>\n<td>obl\u00f2 panoramico<\/td>\n<td>panorama dachlucke<\/td>\n<td>panoramic vent<\/td>\n<td>panoramsko stresno okno<\/td>\n<td>panorama taklucka<\/td>\n<td>panoramatick\u00e9 okno<\/td>\n<\/tr>\n<tr>\n<td><a href=\"\/wp-content\/themes\/campersoimex\/images\/equipment\/high-res\/pannellosolare.jpg\" class=\"et_pb_lightbox_image\"><img decoding=\"async\" src=\"\/wp-content\/themes\/campersoimex\/images\/equipment\/low-res\/pannellosolare.jpg\" \/><\/a><\/td>\n<td>pannello solare<\/td>\n<td>solar panelle<\/td>\n<td>solar panel<\/td>\n<td>soncni kolector<\/td>\n<td>solpanel<\/td>\n<td>sol\u00e1rn\u00ed panel<\/td>\n<\/tr>\n<tr>\n<td><a href=\"\/wp-content\/themes\/campersoimex\/images\/equipment\/high-res\/portatvscorrevole.jpg\" class=\"et_pb_lightbox_image\"><img decoding=\"async\" src=\"\/wp-content\/themes\/campersoimex\/images\/equipment\/low-res\/portatvscorrevole.jpg\" \/><\/a><\/td>\n<td>porta tv scorrevole<\/td>\n<td>ausziehebare tv haelterung<\/td>\n<td>tv bracket<\/td>\n<td>drsni nosilec za tv<\/td>\n<td>TV- h\u00e5llare<\/td>\n<td>dr\u017e\u00e1k tv<\/td>\n<\/tr>\n<tr>\n<td><a href=\"\/wp-content\/themes\/campersoimex\/images\/equipment\/high-res\/riscaldamentocombi.jpg\" class=\"et_pb_lightbox_image\"><img decoding=\"async\" src=\"\/wp-content\/themes\/campersoimex\/images\/equipment\/low-res\/riscaldamentocombi.jpg\" \/><\/a><\/td>\n<td>riscaldamento combi<\/td>\n<td>heizung combi<\/td>\n<td>heating combi<\/td>\n<td>combi ogrevanje<\/td>\n<td>trumav\u00e4rmare<\/td>\n<td>kombinovan\u00e9 topen\u00ed<\/td>\n<\/tr>\n<tr>\n<td><a href=\"\/wp-content\/themes\/campersoimex\/images\/equipment\/high-res\/scarichielettrici.jpg\" class=\"et_pb_lightbox_image\"><img decoding=\"async\" src=\"\/wp-content\/themes\/campersoimex\/images\/equipment\/low-res\/scarichielettrici.jpg\" \/><\/a><\/td>\n<td>scarichi elettrici<\/td>\n<td>elektrische wasserversorgung und abwasserentsorgung<\/td>\n<td>electric empting<\/td>\n<td>elektricni odtoki<\/td>\n<td>elektrisk t\u00f6mning<\/td>\n<td>elektrick\u00fd v\u00fdboj<\/td>\n<\/tr>\n<tr>\n<td><a href=\"\/wp-content\/themes\/campersoimex\/images\/equipment\/high-res\/sediligirevolicabina.jpg\" class=\"et_pb_lightbox_image\"><img decoding=\"async\" src=\"\/wp-content\/themes\/campersoimex\/images\/equipment\/low-res\/sediligirevolicabina.jpg\" \/><\/a><\/td>\n<td>sedili girevoli cabina<\/td>\n<td>drehbare sitze<\/td>\n<td>seats rotating<\/td>\n<td>vrtjivi sedezi v kabini<\/td>\n<td>pilotstolar<\/td>\n<td>ot\u00e1\u010den\u00ed sedadel<\/td>\n<\/tr>\n<tr>\n<td><a href=\"\/wp-content\/themes\/campersoimex\/images\/equipment\/high-res\/specchielettrici.jpg\" class=\"et_pb_lightbox_image\"><img decoding=\"async\" src=\"\/wp-content\/themes\/campersoimex\/images\/equipment\/low-res\/specchielettrici.jpg\" \/><\/a><\/td>\n<td>specchi elettrici<\/td>\n<td>elektrische fensterheber<\/td>\n<td>electric mirrors<\/td>\n<td>elektricna ogledala<\/td>\n<td>el speglar<\/td>\n<td>elektrick\u00e9 ovl\u00e1d\u00e1n\u00ed zrc\u00e1tek<\/td>\n<\/tr>\n<tr>\n<td><a href=\"\/wp-content\/themes\/campersoimex\/images\/equipment\/high-res\/veranda.jpg\" class=\"et_pb_lightbox_image\"><img decoding=\"async\" src=\"\/wp-content\/themes\/campersoimex\/images\/equipment\/low-res\/veranda.jpg\" \/><\/a><\/td>\n<td>veranda<\/td>\n<td>vorzelt<\/td>\n<td>veranda<\/td>\n<td>veranda<\/td>\n<td>markis<\/td>\n<td>veranda<\/td>\n<\/tr>\n<tr>\n<td><a href=\"\/wp-content\/themes\/campersoimex\/images\/equipment\/high-res\/vetrielettrici.jpg\" class=\"et_pb_lightbox_image\"><img decoding=\"async\" src=\"\/wp-content\/themes\/campersoimex\/images\/equipment\/low-res\/vetrielettrici.jpg\" \/><\/a><\/td>\n<td>vetri elettrici<\/td>\n<td>elektrische spiegel<\/td>\n<td>electric windows<\/td>\n<td>elektricni pomik steke<\/td>\n<td>el f\u00f6nsterhissar<\/td>\n<td>elektrick\u00e9 ovl\u00e1d\u00e1n\u00ed oken<\/td>\n<\/tr>\n<tr>\n<td><a href=\"\/wp-content\/themes\/campersoimex\/images\/equipment\/high-res\/wcacassetta.jpg\" class=\"et_pb_lightbox_image\"><img decoding=\"async\" src=\"\/wp-content\/themes\/campersoimex\/images\/equipment\/low-res\/wcacassetta.jpg\" \/><\/a><\/td>\n<td>wc a cassetta<\/td>\n<td>wc mit kassette<\/td>\n<td>thetford wc<\/td>\n<td>wc predal<\/td>\n<td>kasettoalett<\/td>\n<td>wc thetford<\/td>\n<\/tr>\n<\/table>\n","protected":false},"excerpt":{"rendered":"<p><strong>Modello:<\/strong> LAIKA ECOVIP 2009<\/p>\n<p><strong>Data:<\/strong> 01\/2026<\/p>\n<p><strong>Motore:<\/strong>   2200 Diesel<\/p>\n<p><strong>Lunghezza:<\/strong> 659cm<\/p>\n<p><strong>Posti omologati:<\/strong> 4<\/p>\n<p><strong>Km:<\/strong> 0<\/p>\n<p><strong>Prezzo:<\/strong> \u20ac79800<\/p>\n","protected":false},"author":2,"featured_media":596680,"comment_status":"closed","ping_status":"open","sticky":false,"template":"","format":"standard","meta":{"_et_pb_use_builder":"","_et_pb_old_content":"","_et_gb_content_width":"","_monsterinsights_skip_tracking":false,"_monsterinsights_sitenote_active":false,"_monsterinsights_sitenote_note":"","_monsterinsights_sitenote_category":0,"footnotes":""},"categories":[189,167],"tags":[246,196],"class_list":["post-596714","post","type-post","status-publish","format-standard","has-post-thumbnail","hentry","category-semintegrale-eng","category-used","tag-semintegrale-en","tag-usato-en"],"_links":{"self":[{"href":"https:\/\/www.campersoimex.it\/en\/wp-json\/wp\/v2\/posts\/596714","targetHints":{"allow":["GET"]}}],"collection":[{"href":"https:\/\/www.campersoimex.it\/en\/wp-json\/wp\/v2\/posts"}],"about":[{"href":"https:\/\/www.campersoimex.it\/en\/wp-json\/wp\/v2\/types\/post"}],"author":[{"embeddable":true,"href":"https:\/\/www.campersoimex.it\/en\/wp-json\/wp\/v2\/users\/2"}],"replies":[{"embeddable":true,"href":"https:\/\/www.campersoimex.it\/en\/wp-json\/wp\/v2\/comments?post=596714"}],"version-history":[{"count":1,"href":"https:\/\/www.campersoimex.it\/en\/wp-json\/wp\/v2\/posts\/596714\/revisions"}],"predecessor-version":[{"id":597510,"href":"https:\/\/www.campersoimex.it\/en\/wp-json\/wp\/v2\/posts\/596714\/revisions\/597510"}],"wp:featuredmedia":[{"embeddable":true,"href":"https:\/\/www.campersoimex.it\/en\/wp-json\/wp\/v2\/media\/596680"}],"wp:attachment":[{"href":"https:\/\/www.campersoimex.it\/en\/wp-json\/wp\/v2\/media?parent=596714"}],"wp:term":[{"taxonomy":"category","embeddable":true,"href":"https:\/\/www.campersoimex.it\/en\/wp-json\/wp\/v2\/categories?post=596714"},{"taxonomy":"post_tag","embeddable":true,"href":"https:\/\/www.campersoimex.it\/en\/wp-json\/wp\/v2\/tags?post=596714"}],"curies":[{"name":"wp","href":"https:\/\/api.w.org\/{rel}","templated":true}]}}