{"id":596161,"date":"2026-04-30T03:00:10","date_gmt":"2026-04-30T01:00:10","guid":{"rendered":"https:\/\/www.campersoimex.it\/2026\/04\/chausson-650-first-line\/"},"modified":"2026-04-30T03:00:11","modified_gmt":"2026-04-30T01:00:11","slug":"chausson-650-first-line","status":"publish","type":"post","link":"https:\/\/www.campersoimex.it\/en\/2026\/04\/chausson-650-first-line\/","title":{"rendered":"CHAUSSON &#8211; 650 FIRST LINE"},"content":{"rendered":"<p><strong>Modello:<\/strong> CHAUSSON 650 FIRST LINE<\/p>\n<p><strong>Data:<\/strong> <\/p>\n<p><strong>Motore:<\/strong>   2000 Diesel<\/p>\n<p><strong>Lunghezza:<\/strong> 639cm<\/p>\n<p><strong>Posti omologati:<\/strong> 4<\/p>\n<p><strong>Km:<\/strong> 0<\/p>\n<p><strong>Prezzo:<\/strong> \u20ac66490<\/p>\n<p>&nbsp;<\/p>\n<div class=\"et_pb_slider et_pb_slider_fullwidth_off et_pb_gallery_post_type\">\n\t\t\t\t<div class=\"et_pb_slides\">\n\t\t\t\t\t<div class=\"et_pb_slide\" style=\"background: url(https:\/\/www.campersoimex.it\/wp-content\/uploads\/2026\/04\/23592133_E_u302hav6g8yfi.jpg);\"><\/div><div class=\"et_pb_slide\" style=\"background: url(https:\/\/www.campersoimex.it\/wp-content\/uploads\/2026\/04\/23592133_E_aywjns5d6p9vm.jpg);\"><\/div><div class=\"et_pb_slide\" style=\"background: url(https:\/\/www.campersoimex.it\/wp-content\/uploads\/2026\/04\/23592133_E_gzkm2lasep79o.jpg);\"><\/div><div class=\"et_pb_slide\" style=\"background: url(https:\/\/www.campersoimex.it\/wp-content\/uploads\/2026\/04\/23592133_E_axcnzm8jlf293.jpg);\"><\/div><div class=\"et_pb_slide\" style=\"background: url(https:\/\/www.campersoimex.it\/wp-content\/uploads\/2026\/04\/23592133_E_lomz5yi0qbwkv.jpg);\"><\/div><div class=\"et_pb_slide\" style=\"background: url(https:\/\/www.campersoimex.it\/wp-content\/uploads\/2026\/04\/23592133_E_jqgzybt5p0kdf.jpg);\"><\/div><div class=\"et_pb_slide\" style=\"background: url(https:\/\/www.campersoimex.it\/wp-content\/uploads\/2026\/04\/23592133_E_m8lpduvha70es.jpg);\"><\/div><div class=\"et_pb_slide\" style=\"background: url(https:\/\/www.campersoimex.it\/wp-content\/uploads\/2026\/04\/23592133_E_s8z3bl0dngu96.jpg);\"><\/div><div class=\"et_pb_slide\" style=\"background: url(https:\/\/www.campersoimex.it\/wp-content\/uploads\/2026\/04\/23592133_E_yd5a4emrh1ubt.jpg);\"><\/div><div class=\"et_pb_slide\" style=\"background: url(https:\/\/www.campersoimex.it\/wp-content\/uploads\/2026\/04\/23592133_E_qk2c1ar8j0vhs.jpg);\"><\/div><div class=\"et_pb_slide\" style=\"background: url(https:\/\/www.campersoimex.it\/wp-content\/uploads\/2026\/04\/23592133_E_ixmpjzkwfluh9.jpg);\"><\/div><div class=\"et_pb_slide\" style=\"background: url(https:\/\/www.campersoimex.it\/wp-content\/uploads\/2026\/04\/23592133_E_k0zdvto9q2wcy.jpg);\"><\/div><div class=\"et_pb_slide\" style=\"background: url(https:\/\/www.campersoimex.it\/wp-content\/uploads\/2026\/04\/23592133_E_o6p7udjzhgae8.jpg);\"><\/div><div class=\"et_pb_slide\" style=\"background: url(https:\/\/www.campersoimex.it\/wp-content\/uploads\/2026\/04\/23592133_E_mai21yjohu6zf.jpg);\"><\/div><div class=\"et_pb_slide\" style=\"background: url(https:\/\/www.campersoimex.it\/wp-content\/uploads\/2026\/04\/23592133_E_49nstuaf0zjhq.jpg);\"><\/div><div class=\"et_pb_slide\" style=\"background: url(https:\/\/www.campersoimex.it\/wp-content\/uploads\/2026\/04\/23592133_E_icb0j5nxoq1ml.jpg);\"><\/div><div class=\"et_pb_slide\" style=\"background: url(https:\/\/www.campersoimex.it\/wp-content\/uploads\/2026\/04\/23592133_E_fxhnsytj07p36.jpg);\"><\/div><div class=\"et_pb_slide\" style=\"background: url(https:\/\/www.campersoimex.it\/wp-content\/uploads\/2026\/04\/23592133_E_81iybrdc4uxlh.jpg);\"><\/div><div class=\"et_pb_slide\" style=\"background: url(https:\/\/www.campersoimex.it\/wp-content\/uploads\/2026\/04\/23592133_E_b7n3qxyz4st9f.jpg);\"><\/div><div class=\"et_pb_slide\" style=\"background: url(https:\/\/www.campersoimex.it\/wp-content\/uploads\/2026\/04\/23592133_E_d1tj5obn94isz.jpg);\"><\/div><div class=\"et_pb_slide\" style=\"background: url(https:\/\/www.campersoimex.it\/wp-content\/uploads\/2026\/04\/23592133_E_5i6eo02hn4zda.jpg);\"><\/div><div class=\"et_pb_slide\" style=\"background: url(https:\/\/www.campersoimex.it\/wp-content\/uploads\/2026\/04\/23592133_E_av4l07zqfuihp.jpg);\"><\/div><div class=\"et_pb_slide\" style=\"background: url(https:\/\/www.campersoimex.it\/wp-content\/uploads\/2026\/04\/23592133_E_1qufagnirs7lo.jpg);\"><\/div><div class=\"et_pb_slide\" style=\"background: url(https:\/\/www.campersoimex.it\/wp-content\/uploads\/2026\/04\/23592133_E_26g8cobstixlr.jpg);\"><\/div><div class=\"et_pb_slide\" style=\"background: url(https:\/\/www.campersoimex.it\/wp-content\/uploads\/2026\/04\/23592133_E_hroxnc05qigv7.jpg);\"><\/div><div class=\"et_pb_slide\" style=\"background: url(https:\/\/www.campersoimex.it\/wp-content\/uploads\/2026\/04\/23592133_E_3eks62nizxpvf.jpg);\"><\/div><div class=\"et_pb_slide\" style=\"background: url(https:\/\/www.campersoimex.it\/wp-content\/uploads\/2026\/04\/23592133_E_fd4tvni95uo32.jpg);\"><\/div><div class=\"et_pb_slide\" style=\"background: url(https:\/\/www.campersoimex.it\/wp-content\/uploads\/2026\/04\/23592133_E_wg4rjfqi3bvua.jpg);\"><\/div><div class=\"et_pb_slide\" style=\"background: url(https:\/\/www.campersoimex.it\/wp-content\/uploads\/2026\/04\/23592133_E_fry451l20wuca.jpg);\"><\/div><div class=\"et_pb_slide\" style=\"background: url(https:\/\/www.campersoimex.it\/wp-content\/uploads\/2026\/04\/23592133_E_ep7db69nhqj10.jpg);\"><\/div><div class=\"et_pb_slide\" style=\"background: url(https:\/\/www.campersoimex.it\/wp-content\/uploads\/2026\/04\/23592133_E_jyk670uqrav84.jpg);\"><\/div><div class=\"et_pb_slide\" style=\"background: url(https:\/\/www.campersoimex.it\/wp-content\/uploads\/2026\/04\/23592133_E_ykenuri497zhb.jpg);\"><\/div>\n\t\t\t\t<\/div>\n\t\t\t<\/div>\n<table class=\"camper_accessories\">\n<tr>\n<th><\/th>\n<th align=\"center\"><img decoding=\"async\" src=\"\/wp-content\/uploads\/flags\/flag-it.jpg\" alt=\"it\" \/><\/th>\n<th align=\"center\"><img decoding=\"async\" src=\"\/wp-content\/uploads\/flags\/flag-de.jpg\" alt=\"de\" \/><\/th>\n<th align=\"center\"><img decoding=\"async\" src=\"\/wp-content\/uploads\/flags\/flag-en.jpg\" alt=\"en\" \/><\/th>\n<th align=\"center\"><img decoding=\"async\" src=\"\/wp-content\/uploads\/flags\/flag-slo.jpg\" alt=\"slo\" \/><\/th>\n<th align=\"center\"><img decoding=\"async\" src=\"\/wp-content\/uploads\/flags\/flag-se.jpg\" alt=\"se\" \/><\/th>\n<th align=\"center\"><img decoding=\"async\" src=\"\/wp-content\/uploads\/flags\/flag-cz.jpg\" alt=\"cz\" \/><\/th>\n<\/tr>\n<tr>\n<td><a href=\"\/wp-content\/themes\/campersoimex\/images\/equipment\/high-res\/autoradio.jpg\" class=\"et_pb_lightbox_image\"><img decoding=\"async\" src=\"\/wp-content\/themes\/campersoimex\/images\/equipment\/low-res\/autoradio.jpg\" \/><\/a><\/td>\n<td>autoradio<\/td>\n<td>stereoanlage<\/td>\n<td>radio<\/td>\n<td>avtoradio<\/td>\n<td>radio<\/td>\n<td>radio<\/td>\n<\/tr>\n<tr>\n<td><a href=\"\/wp-content\/themes\/campersoimex\/images\/equipment\/high-res\/chiusuracentralizzata.jpg\" class=\"et_pb_lightbox_image\"><img decoding=\"async\" src=\"\/wp-content\/themes\/campersoimex\/images\/equipment\/low-res\/chiusuracentralizzata.jpg\" \/><\/a><\/td>\n<td>chiusure centralizzate<\/td>\n<td>zentralverregelung<\/td>\n<td>central locking<\/td>\n<td>centralno zaklepanje<\/td>\n<td>centrall\u00e5s<\/td>\n<td>centr\u00e1ln\u00ed zamyk\u00e1n\u00ed<\/td>\n<\/tr>\n<tr>\n<td><a href=\"\/wp-content\/themes\/campersoimex\/images\/equipment\/high-res\/cruisecontrol.jpg\" class=\"et_pb_lightbox_image\"><img decoding=\"async\" src=\"\/wp-content\/themes\/campersoimex\/images\/equipment\/low-res\/cruisecontrol.jpg\" \/><\/a><\/td>\n<td>cruise control<\/td>\n<td>cruise control<\/td>\n<td>cruise control<\/td>\n<td>cruise control<\/td>\n<td>farth\u00e5llare<\/td>\n<td>tempomat<\/td>\n<\/tr>\n<tr>\n<td><a href=\"\/wp-content\/themes\/campersoimex\/images\/equipment\/high-res\/doppioairbag.jpg\" class=\"et_pb_lightbox_image\"><img decoding=\"async\" src=\"\/wp-content\/themes\/campersoimex\/images\/equipment\/low-res\/doppioairbag.jpg\" \/><\/a><\/td>\n<td>airbag doppio<\/td>\n<td>fahrer und beifahrerairbag<\/td>\n<td>bag driving and passenger side<\/td>\n<td>dvojna zracna blazina<\/td>\n<td>bag driving and passenger side<\/td>\n<td>bag driving and passenger side<\/td>\n<\/tr>\n<tr>\n<td><a href=\"\/wp-content\/themes\/campersoimex\/images\/equipment\/high-res\/frigotrivalente.jpg\" class=\"et_pb_lightbox_image\"><img decoding=\"async\" src=\"\/wp-content\/themes\/campersoimex\/images\/equipment\/low-res\/frigotrivalente.jpg\" \/><\/a><\/td>\n<td>frigo trivalente<\/td>\n<td>kombi kuehlschrank<\/td>\n<td>three way fridge<\/td>\n<td>trivalenten hladilnik<\/td>\n<td>trefunktionellt kylsk\u00e5p<\/td>\n<td>absorp\u010dn\u00ed lednice<\/td>\n<\/tr>\n<tr>\n<td><a href=\"\/wp-content\/themes\/campersoimex\/images\/equipment\/high-res\/luceesterna.jpg\" class=\"et_pb_lightbox_image\"><img decoding=\"async\" src=\"\/wp-content\/themes\/campersoimex\/images\/equipment\/low-res\/luceesterna.jpg\" \/><\/a><\/td>\n<td>luce esterna<\/td>\n<td>aussenleuchte<\/td>\n<td>external light<\/td>\n<td>zunajna luc<\/td>\n<td>utomhus belysning <\/td>\n<td>vn\u011bj\u0161\u00ed osv\u011btlen\u00ed<\/td>\n<\/tr>\n<tr>\n<td><a href=\"\/wp-content\/themes\/campersoimex\/images\/equipment\/high-res\/sediligirevolicabina.jpg\" class=\"et_pb_lightbox_image\"><img decoding=\"async\" src=\"\/wp-content\/themes\/campersoimex\/images\/equipment\/low-res\/sediligirevolicabina.jpg\" \/><\/a><\/td>\n<td>sedili girevoli cabina<\/td>\n<td>drehbare sitze<\/td>\n<td>seats rotating<\/td>\n<td>vrtjivi sedezi v kabini<\/td>\n<td>pilotstolar<\/td>\n<td>ot\u00e1\u010den\u00ed sedadel<\/td>\n<\/tr>\n<tr>\n<td><a href=\"\/wp-content\/themes\/campersoimex\/images\/equipment\/high-res\/specchielettrici.jpg\" class=\"et_pb_lightbox_image\"><img decoding=\"async\" src=\"\/wp-content\/themes\/campersoimex\/images\/equipment\/low-res\/specchielettrici.jpg\" \/><\/a><\/td>\n<td>specchi elettrici<\/td>\n<td>elektrische fensterheber<\/td>\n<td>electric mirrors<\/td>\n<td>elektricna ogledala<\/td>\n<td>el speglar<\/td>\n<td>elektrick\u00e9 ovl\u00e1d\u00e1n\u00ed zrc\u00e1tek<\/td>\n<\/tr>\n<tr>\n<td><a href=\"\/wp-content\/themes\/campersoimex\/images\/equipment\/high-res\/telecameraperretromarcia.jpg\" class=\"et_pb_lightbox_image\"><img decoding=\"async\" src=\"\/wp-content\/themes\/campersoimex\/images\/equipment\/low-res\/telecameraperretromarcia.jpg\" \/><\/a><\/td>\n<td>telecamera per retromarcia<\/td>\n<td>rueckfahrt kamera<\/td>\n<td>rear view camera<\/td>\n<td>telekamera za vzvratno voznjo<\/td>\n<td>backkamera<\/td>\n<td>zp\u011btn\u00e1 kamera<\/td>\n<\/tr>\n<tr>\n<td><a href=\"\/wp-content\/themes\/campersoimex\/images\/equipment\/high-res\/vetrielettrici.jpg\" class=\"et_pb_lightbox_image\"><img decoding=\"async\" src=\"\/wp-content\/themes\/campersoimex\/images\/equipment\/low-res\/vetrielettrici.jpg\" \/><\/a><\/td>\n<td>vetri elettrici<\/td>\n<td>elektrische spiegel<\/td>\n<td>electric windows<\/td>\n<td>elektricni pomik steke<\/td>\n<td>el f\u00f6nsterhissar<\/td>\n<td>elektrick\u00e9 ovl\u00e1d\u00e1n\u00ed oken<\/td>\n<\/tr>\n<tr>\n<td><a href=\"\/wp-content\/themes\/campersoimex\/images\/equipment\/high-res\/wcacassetta.jpg\" class=\"et_pb_lightbox_image\"><img decoding=\"async\" src=\"\/wp-content\/themes\/campersoimex\/images\/equipment\/low-res\/wcacassetta.jpg\" \/><\/a><\/td>\n<td>wc a cassetta<\/td>\n<td>wc mit kassette<\/td>\n<td>thetford wc<\/td>\n<td>wc predal<\/td>\n<td>kasettoalett<\/td>\n<td>wc thetford<\/td>\n<\/tr>\n<tr>\n<td><a href=\"\/wp-content\/themes\/campersoimex\/images\/equipment\/high-res\/webasto.jpg\" class=\"et_pb_lightbox_image\"><img decoding=\"async\" src=\"\/wp-content\/themes\/campersoimex\/images\/equipment\/low-res\/webasto.jpg\" \/><\/a><\/td>\n<td>riscaldamento webasto<\/td>\n<td>webasto heizung<\/td>\n<td>webasto heating<\/td>\n<td>webasto ogrevanje<\/td>\n<td>webasto diselv\u00e4rmare<\/td>\n<td>webasto topen\u00ed<\/td>\n<\/tr>\n<\/table>\n","protected":false},"excerpt":{"rendered":"<p><strong>Modello:<\/strong> CHAUSSON 650 FIRST LINE<\/p>\n<p><strong>Data:<\/strong> <\/p>\n<p><strong>Motore:<\/strong>   2000 Diesel<\/p>\n<p><strong>Lunghezza:<\/strong> 639cm<\/p>\n<p><strong>Posti omologati:<\/strong> 4<\/p>\n<p><strong>Km:<\/strong> 0<\/p>\n<p><strong>Prezzo:<\/strong> \u20ac66490<\/p>\n","protected":false},"author":2,"featured_media":596128,"comment_status":"closed","ping_status":"open","sticky":false,"template":"","format":"standard","meta":{"_et_pb_use_builder":"","_et_pb_old_content":"","_et_gb_content_width":"","_monsterinsights_skip_tracking":false,"_monsterinsights_sitenote_active":false,"_monsterinsights_sitenote_note":"","_monsterinsights_sitenote_category":0,"footnotes":""},"categories":[159],"tags":[241],"class_list":["post-596161","post","type-post","status-publish","format-standard","has-post-thumbnail","hentry","category-new","tag-nuovo-en"],"_links":{"self":[{"href":"https:\/\/www.campersoimex.it\/en\/wp-json\/wp\/v2\/posts\/596161","targetHints":{"allow":["GET"]}}],"collection":[{"href":"https:\/\/www.campersoimex.it\/en\/wp-json\/wp\/v2\/posts"}],"about":[{"href":"https:\/\/www.campersoimex.it\/en\/wp-json\/wp\/v2\/types\/post"}],"author":[{"embeddable":true,"href":"https:\/\/www.campersoimex.it\/en\/wp-json\/wp\/v2\/users\/2"}],"replies":[{"embeddable":true,"href":"https:\/\/www.campersoimex.it\/en\/wp-json\/wp\/v2\/comments?post=596161"}],"version-history":[{"count":1,"href":"https:\/\/www.campersoimex.it\/en\/wp-json\/wp\/v2\/posts\/596161\/revisions"}],"predecessor-version":[{"id":596988,"href":"https:\/\/www.campersoimex.it\/en\/wp-json\/wp\/v2\/posts\/596161\/revisions\/596988"}],"wp:featuredmedia":[{"embeddable":true,"href":"https:\/\/www.campersoimex.it\/en\/wp-json\/wp\/v2\/media\/596128"}],"wp:attachment":[{"href":"https:\/\/www.campersoimex.it\/en\/wp-json\/wp\/v2\/media?parent=596161"}],"wp:term":[{"taxonomy":"category","embeddable":true,"href":"https:\/\/www.campersoimex.it\/en\/wp-json\/wp\/v2\/categories?post=596161"},{"taxonomy":"post_tag","embeddable":true,"href":"https:\/\/www.campersoimex.it\/en\/wp-json\/wp\/v2\/tags?post=596161"}],"curies":[{"name":"wp","href":"https:\/\/api.w.org\/{rel}","templated":true}]}}