{"id":590046,"date":"2026-04-28T03:00:26","date_gmt":"2026-04-28T01:00:26","guid":{"rendered":"https:\/\/www.campersoimex.it\/2026\/02\/dethleffs-just-camp-t6812-eb-2\/"},"modified":"2026-04-28T03:00:26","modified_gmt":"2026-04-28T01:00:26","slug":"dethleffs-just-camp-t6812-eb-2","status":"publish","type":"post","link":"https:\/\/www.campersoimex.it\/en\/2026\/04\/dethleffs-just-camp-t6812-eb-2\/","title":{"rendered":"DETHLEFFS &#8211; JUST CAMP T6812 EB"},"content":{"rendered":"<p><strong>Modello:<\/strong> DETHLEFFS JUST CAMP T6812 EB<\/p>\n<p><strong>Data:<\/strong> 04\/2025<\/p>\n<p><strong>Motore:<\/strong>   2200 Diesel<\/p>\n<p><strong>Lunghezza:<\/strong> 696cm<\/p>\n<p><strong>Posti omologati:<\/strong> 5<\/p>\n<p><strong>Km:<\/strong> 29200<\/p>\n<p><strong>Prezzo:<\/strong> \u20ac65800<\/p>\n<p>&nbsp;<\/p>\n<div class=\"et_pb_slider et_pb_slider_fullwidth_off et_pb_gallery_post_type\">\n\t\t\t\t<div class=\"et_pb_slides\">\n\t\t\t\t\t<div class=\"et_pb_slide\" style=\"background: url(https:\/\/www.campersoimex.it\/wp-content\/uploads\/2026\/02\/23335541_E_mcd2fs17but8q.jpg);\"><\/div><div class=\"et_pb_slide\" style=\"background: url(https:\/\/www.campersoimex.it\/wp-content\/uploads\/2026\/02\/23335541_E_t32r5ua8gfjhk.jpg);\"><\/div><div class=\"et_pb_slide\" style=\"background: url(https:\/\/www.campersoimex.it\/wp-content\/uploads\/2026\/02\/23335541_E_p7jf56v02xqnr.jpg);\"><\/div><div class=\"et_pb_slide\" style=\"background: url(https:\/\/www.campersoimex.it\/wp-content\/uploads\/2026\/02\/23335541_E_bi0ogdpm62hac.jpg);\"><\/div><div class=\"et_pb_slide\" style=\"background: url(https:\/\/www.campersoimex.it\/wp-content\/uploads\/2026\/02\/23335541_E_6gsycpt5a92fw.jpg);\"><\/div><div class=\"et_pb_slide\" style=\"background: url(https:\/\/www.campersoimex.it\/wp-content\/uploads\/2026\/02\/23335541_E_2n9gedpmz4sf8.jpg);\"><\/div><div class=\"et_pb_slide\" style=\"background: url(https:\/\/www.campersoimex.it\/wp-content\/uploads\/2026\/02\/23335541_E_bqnc4p0y7zlwa.jpg);\"><\/div><div class=\"et_pb_slide\" style=\"background: url(https:\/\/www.campersoimex.it\/wp-content\/uploads\/2026\/02\/23335541_E_tfui1e0hq392s.jpg);\"><\/div><div class=\"et_pb_slide\" style=\"background: url(https:\/\/www.campersoimex.it\/wp-content\/uploads\/2026\/02\/23335541_E_8rvlhsj3fbukt.jpg);\"><\/div><div class=\"et_pb_slide\" style=\"background: url(https:\/\/www.campersoimex.it\/wp-content\/uploads\/2026\/02\/23335541_E_n62w5ma8hgyrp.jpg);\"><\/div><div class=\"et_pb_slide\" style=\"background: url(https:\/\/www.campersoimex.it\/wp-content\/uploads\/2026\/02\/23335541_E_98oywpx7f2hab.jpg);\"><\/div><div class=\"et_pb_slide\" style=\"background: url(https:\/\/www.campersoimex.it\/wp-content\/uploads\/2026\/02\/23335541_E_txf591pyoc8zl.jpg);\"><\/div><div class=\"et_pb_slide\" style=\"background: url(https:\/\/www.campersoimex.it\/wp-content\/uploads\/2026\/02\/23335541_E_4jb0khl7yqgvm.jpg);\"><\/div><div class=\"et_pb_slide\" style=\"background: url(https:\/\/www.campersoimex.it\/wp-content\/uploads\/2026\/02\/23335541_E_3dgowl5b1htk4.jpg);\"><\/div><div class=\"et_pb_slide\" style=\"background: url(https:\/\/www.campersoimex.it\/wp-content\/uploads\/2026\/02\/23335541_E_6c47ongaeliw3.jpg);\"><\/div><div class=\"et_pb_slide\" style=\"background: url(https:\/\/www.campersoimex.it\/wp-content\/uploads\/2026\/02\/23335541_E_lcjedi62baks5.jpg);\"><\/div><div class=\"et_pb_slide\" style=\"background: url(https:\/\/www.campersoimex.it\/wp-content\/uploads\/2026\/02\/23335541_E_fkp4nyzbtchix.jpg);\"><\/div><div class=\"et_pb_slide\" style=\"background: url(https:\/\/www.campersoimex.it\/wp-content\/uploads\/2026\/02\/23335541_E_hzw9osmjxngvq.jpg);\"><\/div><div class=\"et_pb_slide\" style=\"background: url(https:\/\/www.campersoimex.it\/wp-content\/uploads\/2026\/02\/23335541_E_q0r4ebjw8n7al.jpg);\"><\/div><div class=\"et_pb_slide\" style=\"background: url(https:\/\/www.campersoimex.it\/wp-content\/uploads\/2026\/02\/23335541_E_16he7q0ox8f29.jpg);\"><\/div><div class=\"et_pb_slide\" style=\"background: url(https:\/\/www.campersoimex.it\/wp-content\/uploads\/2026\/02\/23335541_E_85z0sqw26mpcy.jpg);\"><\/div><div class=\"et_pb_slide\" style=\"background: url(https:\/\/www.campersoimex.it\/wp-content\/uploads\/2026\/02\/23335541_E_dgboruwyfm4s0.jpg);\"><\/div><div class=\"et_pb_slide\" style=\"background: url(https:\/\/www.campersoimex.it\/wp-content\/uploads\/2026\/02\/23335541_E_xvsyuw63ep1ij.jpg);\"><\/div><div class=\"et_pb_slide\" style=\"background: url(https:\/\/www.campersoimex.it\/wp-content\/uploads\/2026\/02\/23335541_E_5ikvtxmgowrhz.jpg);\"><\/div><div class=\"et_pb_slide\" style=\"background: url(https:\/\/www.campersoimex.it\/wp-content\/uploads\/2026\/02\/23335541_E_bp07omrfsqy2e.jpg);\"><\/div><div class=\"et_pb_slide\" style=\"background: url(https:\/\/www.campersoimex.it\/wp-content\/uploads\/2026\/02\/23335541_E_6utv2s0io1ncm.jpg);\"><\/div><div class=\"et_pb_slide\" style=\"background: url(https:\/\/www.campersoimex.it\/wp-content\/uploads\/2026\/02\/23335541_E_1ybe5njhz706c.jpg);\"><\/div><div class=\"et_pb_slide\" style=\"background: url(https:\/\/www.campersoimex.it\/wp-content\/uploads\/2026\/02\/23335541_E_t1r65uo7h0nxc.jpg);\"><\/div><div class=\"et_pb_slide\" style=\"background: url(https:\/\/www.campersoimex.it\/wp-content\/uploads\/2026\/02\/23335541_E_2r4gabsfokd6c.jpg);\"><\/div><div class=\"et_pb_slide\" style=\"background: url(https:\/\/www.campersoimex.it\/wp-content\/uploads\/2026\/02\/23335541_E_oz489kmlvc0ht.jpg);\"><\/div><div class=\"et_pb_slide\" style=\"background: url(https:\/\/www.campersoimex.it\/wp-content\/uploads\/2026\/02\/23335541_E_nwvimto7re1jq.jpg);\"><\/div><div class=\"et_pb_slide\" style=\"background: url(https:\/\/www.campersoimex.it\/wp-content\/uploads\/2026\/02\/23335541_E_o0kfi3wbp4hx7.jpg);\"><\/div><div class=\"et_pb_slide\" style=\"background: url(https:\/\/www.campersoimex.it\/wp-content\/uploads\/2026\/02\/23335541_E_afod1ymj23rxl.jpg);\"><\/div><div class=\"et_pb_slide\" style=\"background: url(https:\/\/www.campersoimex.it\/wp-content\/uploads\/2026\/02\/23335541_E_e843ar5boclyx.jpg);\"><\/div><div class=\"et_pb_slide\" style=\"background: url(https:\/\/www.campersoimex.it\/wp-content\/uploads\/2026\/02\/23335541_E_cpzjevn8hiqo9.jpg);\"><\/div>\n\t\t\t\t<\/div>\n\t\t\t<\/div>\n<table class=\"camper_accessories\">\n<tr>\n<th><\/th>\n<th align=\"center\"><img decoding=\"async\" src=\"\/wp-content\/uploads\/flags\/flag-it.jpg\" alt=\"it\" \/><\/th>\n<th align=\"center\"><img decoding=\"async\" src=\"\/wp-content\/uploads\/flags\/flag-de.jpg\" alt=\"de\" \/><\/th>\n<th align=\"center\"><img decoding=\"async\" src=\"\/wp-content\/uploads\/flags\/flag-en.jpg\" alt=\"en\" \/><\/th>\n<th align=\"center\"><img decoding=\"async\" src=\"\/wp-content\/uploads\/flags\/flag-slo.jpg\" alt=\"slo\" \/><\/th>\n<th align=\"center\"><img decoding=\"async\" src=\"\/wp-content\/uploads\/flags\/flag-se.jpg\" alt=\"se\" \/><\/th>\n<th align=\"center\"><img decoding=\"async\" src=\"\/wp-content\/uploads\/flags\/flag-cz.jpg\" alt=\"cz\" \/><\/th>\n<\/tr>\n<tr>\n<td><a href=\"\/wp-content\/themes\/campersoimex\/images\/equipment\/high-res\/abs.jpg\" class=\"et_pb_lightbox_image\"><img decoding=\"async\" src=\"\/wp-content\/themes\/campersoimex\/images\/equipment\/low-res\/abs.jpg\" \/><\/a><\/td>\n<td>ABS<\/td>\n<td>ABS<\/td>\n<td>ABS<\/td>\n<td>ABS<\/td>\n<td>ABS<\/td>\n<td>ABS<\/td>\n<\/tr>\n<tr>\n<td><a href=\"\/wp-content\/themes\/campersoimex\/images\/equipment\/high-res\/antifurto.jpg\" class=\"et_pb_lightbox_image\"><img decoding=\"async\" src=\"\/wp-content\/themes\/campersoimex\/images\/equipment\/low-res\/antifurto.jpg\" \/><\/a><\/td>\n<td>antifurto<\/td>\n<td>alarm<\/td>\n<td>alarm<\/td>\n<td>alarm<\/td>\n<td>larm<\/td>\n<td>alarm proti odcizen\u00ed<\/td>\n<\/tr>\n<tr>\n<td><a href=\"\/wp-content\/themes\/campersoimex\/images\/equipment\/high-res\/ariacondizionatacellula.jpg\" class=\"et_pb_lightbox_image\"><img decoding=\"async\" src=\"\/wp-content\/themes\/campersoimex\/images\/equipment\/low-res\/ariacondizionatacellula.jpg\" \/><\/a><\/td>\n<td>aria condizionata celliula<\/td>\n<td>wohnraumklima 220 v<\/td>\n<td>rear air conditioning<\/td>\n<td>klima v bivalnem prostoru<\/td>\n<td>luftkonditionering cell<\/td>\n<td>bu\u0148ka klimatizace<\/td>\n<\/tr>\n<tr>\n<td><a href=\"\/wp-content\/themes\/campersoimex\/images\/equipment\/high-res\/asr.jpg\" class=\"et_pb_lightbox_image\"><img decoding=\"async\" src=\"\/wp-content\/themes\/campersoimex\/images\/equipment\/low-res\/asr.jpg\" \/><\/a><\/td>\n<td>ASR<\/td>\n<td>ASR<\/td>\n<td>ASR<\/td>\n<td>ASR<\/td>\n<td>ASR<\/td>\n<td>ASR<\/td>\n<\/tr>\n<tr>\n<td><a href=\"\/wp-content\/themes\/campersoimex\/images\/equipment\/high-res\/autoradio.jpg\" class=\"et_pb_lightbox_image\"><img decoding=\"async\" src=\"\/wp-content\/themes\/campersoimex\/images\/equipment\/low-res\/autoradio.jpg\" \/><\/a><\/td>\n<td>autoradio<\/td>\n<td>stereoanlage<\/td>\n<td>radio<\/td>\n<td>avtoradio<\/td>\n<td>radio<\/td>\n<td>radio<\/td>\n<\/tr>\n<tr>\n<td><a href=\"\/wp-content\/themes\/campersoimex\/images\/equipment\/high-res\/chiusuracentralizzata.jpg\" class=\"et_pb_lightbox_image\"><img decoding=\"async\" src=\"\/wp-content\/themes\/campersoimex\/images\/equipment\/low-res\/chiusuracentralizzata.jpg\" \/><\/a><\/td>\n<td>chiusure centralizzate<\/td>\n<td>zentralverregelung<\/td>\n<td>central locking<\/td>\n<td>centralno zaklepanje<\/td>\n<td>centrall\u00e5s<\/td>\n<td>centr\u00e1ln\u00ed zamyk\u00e1n\u00ed<\/td>\n<\/tr>\n<tr>\n<td><a href=\"\/wp-content\/themes\/campersoimex\/images\/equipment\/high-res\/climamotore.jpg\" class=\"et_pb_lightbox_image\"><img decoding=\"async\" src=\"\/wp-content\/themes\/campersoimex\/images\/equipment\/low-res\/climamotore.jpg\" \/><\/a><\/td>\n<td>aria condizionata motore<\/td>\n<td>motorklima<\/td>\n<td>engine air conditioning<\/td>\n<td>klima<\/td>\n<td>clima<\/td>\n<td>clima<\/td>\n<\/tr>\n<tr>\n<td><a href=\"\/wp-content\/themes\/campersoimex\/images\/equipment\/high-res\/controportainzanzariera.jpg\" class=\"et_pb_lightbox_image\"><img decoding=\"async\" src=\"\/wp-content\/themes\/campersoimex\/images\/equipment\/low-res\/controportainzanzariera.jpg\" \/><\/a><\/td>\n<td>controporta in zanzariera<\/td>\n<td>mosquitotuer<\/td>\n<td>mosquito net<\/td>\n<td>komarnik na vhodnih vratih<\/td>\n<td>insektsd\u00f6rr (myggn\u00e4t)<\/td>\n<td>pojistn\u00e9 dve\u0159e okenn\u00edch s\u00edt\u00ed<\/td>\n<\/tr>\n<tr>\n<td><a href=\"\/wp-content\/themes\/campersoimex\/images\/equipment\/high-res\/cruisecontrol.jpg\" class=\"et_pb_lightbox_image\"><img decoding=\"async\" src=\"\/wp-content\/themes\/campersoimex\/images\/equipment\/low-res\/cruisecontrol.jpg\" \/><\/a><\/td>\n<td>cruise control<\/td>\n<td>cruise control<\/td>\n<td>cruise control<\/td>\n<td>cruise control<\/td>\n<td>farth\u00e5llare<\/td>\n<td>tempomat<\/td>\n<\/tr>\n<tr>\n<td><a href=\"\/wp-content\/themes\/campersoimex\/images\/equipment\/high-res\/doppioairbag.jpg\" class=\"et_pb_lightbox_image\"><img decoding=\"async\" src=\"\/wp-content\/themes\/campersoimex\/images\/equipment\/low-res\/doppioairbag.jpg\" \/><\/a><\/td>\n<td>airbag doppio<\/td>\n<td>fahrer und beifahrerairbag<\/td>\n<td>bag driving and passenger side<\/td>\n<td>dvojna zracna blazina<\/td>\n<td>bag driving and passenger side<\/td>\n<td>bag driving and passenger side<\/td>\n<\/tr>\n<tr>\n<td><a href=\"\/wp-content\/themes\/campersoimex\/images\/equipment\/high-res\/esp.jpg\" class=\"et_pb_lightbox_image\"><img decoding=\"async\" src=\"\/wp-content\/themes\/campersoimex\/images\/equipment\/low-res\/esp.jpg\" \/><\/a><\/td>\n<td>ESP<\/td>\n<td>ESP<\/td>\n<td>ESP<\/td>\n<td>ESP<\/td>\n<td>ESP<\/td>\n<td>ESP<\/td>\n<\/tr>\n<tr>\n<td><a href=\"\/wp-content\/themes\/campersoimex\/images\/equipment\/high-res\/frigofreezer.jpg\" class=\"et_pb_lightbox_image\"><img decoding=\"async\" src=\"\/wp-content\/themes\/campersoimex\/images\/equipment\/low-res\/frigofreezer.jpg\" \/><\/a><\/td>\n<td>frigo trivalente con frizer separato<\/td>\n<td>kombi kuehlschrank mit gefrierfach<\/td>\n<td>3 way fridge + separate freezer<\/td>\n<td>trivalenten hladilnik z locenim zamrzovalnikom<\/td>\n<td>trefunktionellt kylsk\u00e5p med separat frys<\/td>\n<td>absorp\u010dn\u00ed lednice s odd\u011blen\u00fdm mraz\u00e1kem<\/td>\n<\/tr>\n<tr>\n<td><a href=\"\/wp-content\/themes\/campersoimex\/images\/equipment\/high-res\/oblopanoramico.jpg\" class=\"et_pb_lightbox_image\"><img decoding=\"async\" src=\"\/wp-content\/themes\/campersoimex\/images\/equipment\/low-res\/oblopanoramico.jpg\" \/><\/a><\/td>\n<td>obl\u00f2 panoramico<\/td>\n<td>panorama dachlucke<\/td>\n<td>panoramic vent<\/td>\n<td>panoramsko stresno okno<\/td>\n<td>panorama taklucka<\/td>\n<td>panoramatick\u00e9 okno<\/td>\n<\/tr>\n<tr>\n<td><a href=\"\/wp-content\/themes\/campersoimex\/images\/equipment\/high-res\/portabici.jpg\" class=\"et_pb_lightbox_image\"><img decoding=\"async\" src=\"\/wp-content\/themes\/campersoimex\/images\/equipment\/low-res\/portabici.jpg\" \/><\/a><\/td>\n<td>portabiciclette<\/td>\n<td>fahrradtraeger<\/td>\n<td>bike carrier<\/td>\n<td>nosilec za kolesa<\/td>\n<td>cyckelh\u00e5llare<\/td>\n<td>dr\u017e\u00e1k pro kola<\/td>\n<\/tr>\n<tr>\n<td><a href=\"\/wp-content\/themes\/campersoimex\/images\/equipment\/high-res\/sediligirevolicabina.jpg\" class=\"et_pb_lightbox_image\"><img decoding=\"async\" src=\"\/wp-content\/themes\/campersoimex\/images\/equipment\/low-res\/sediligirevolicabina.jpg\" \/><\/a><\/td>\n<td>sedili girevoli cabina<\/td>\n<td>drehbare sitze<\/td>\n<td>seats rotating<\/td>\n<td>vrtjivi sedezi v kabini<\/td>\n<td>pilotstolar<\/td>\n<td>ot\u00e1\u010den\u00ed sedadel<\/td>\n<\/tr>\n<tr>\n<td><a href=\"\/wp-content\/themes\/campersoimex\/images\/equipment\/high-res\/specchielettrici.jpg\" class=\"et_pb_lightbox_image\"><img decoding=\"async\" src=\"\/wp-content\/themes\/campersoimex\/images\/equipment\/low-res\/specchielettrici.jpg\" \/><\/a><\/td>\n<td>specchi elettrici<\/td>\n<td>elektrische fensterheber<\/td>\n<td>electric mirrors<\/td>\n<td>elektricna ogledala<\/td>\n<td>el speglar<\/td>\n<td>elektrick\u00e9 ovl\u00e1d\u00e1n\u00ed zrc\u00e1tek<\/td>\n<\/tr>\n<tr>\n<td><a href=\"\/wp-content\/themes\/campersoimex\/images\/equipment\/high-res\/veranda.jpg\" class=\"et_pb_lightbox_image\"><img decoding=\"async\" src=\"\/wp-content\/themes\/campersoimex\/images\/equipment\/low-res\/veranda.jpg\" \/><\/a><\/td>\n<td>veranda<\/td>\n<td>vorzelt<\/td>\n<td>veranda<\/td>\n<td>veranda<\/td>\n<td>markis<\/td>\n<td>veranda<\/td>\n<\/tr>\n<tr>\n<td><a href=\"\/wp-content\/themes\/campersoimex\/images\/equipment\/high-res\/vetrielettrici.jpg\" class=\"et_pb_lightbox_image\"><img decoding=\"async\" src=\"\/wp-content\/themes\/campersoimex\/images\/equipment\/low-res\/vetrielettrici.jpg\" \/><\/a><\/td>\n<td>vetri elettrici<\/td>\n<td>elektrische spiegel<\/td>\n<td>electric windows<\/td>\n<td>elektricni pomik steke<\/td>\n<td>el f\u00f6nsterhissar<\/td>\n<td>elektrick\u00e9 ovl\u00e1d\u00e1n\u00ed oken<\/td>\n<\/tr>\n<tr>\n<td><a href=\"\/wp-content\/themes\/campersoimex\/images\/equipment\/high-res\/wcacassetta.jpg\" class=\"et_pb_lightbox_image\"><img decoding=\"async\" src=\"\/wp-content\/themes\/campersoimex\/images\/equipment\/low-res\/wcacassetta.jpg\" \/><\/a><\/td>\n<td>wc a cassetta<\/td>\n<td>wc mit kassette<\/td>\n<td>thetford wc<\/td>\n<td>wc predal<\/td>\n<td>kasettoalett<\/td>\n<td>wc thetford<\/td>\n<\/tr>\n<\/table>\n","protected":false},"excerpt":{"rendered":"<p><strong>Modello:<\/strong> DETHLEFFS JUST CAMP T6812 EB<\/p>\n<p><strong>Data:<\/strong> 04\/2025<\/p>\n<p><strong>Motore:<\/strong>   2200 Diesel<\/p>\n<p><strong>Lunghezza:<\/strong> 696cm<\/p>\n<p><strong>Posti omologati:<\/strong> 5<\/p>\n<p><strong>Km:<\/strong> 29200<\/p>\n<p><strong>Prezzo:<\/strong> \u20ac65800<\/p>\n","protected":false},"author":2,"featured_media":590010,"comment_status":"closed","ping_status":"open","sticky":false,"template":"","format":"standard","meta":{"_et_pb_use_builder":"","_et_pb_old_content":"","_et_gb_content_width":"","_monsterinsights_skip_tracking":false,"_monsterinsights_sitenote_active":false,"_monsterinsights_sitenote_note":"","_monsterinsights_sitenote_category":0,"footnotes":""},"categories":[189,167],"tags":[246,196],"class_list":["post-590046","post","type-post","status-publish","format-standard","has-post-thumbnail","hentry","category-semintegrale-eng","category-used","tag-semintegrale-en","tag-usato-en"],"_links":{"self":[{"href":"https:\/\/www.campersoimex.it\/en\/wp-json\/wp\/v2\/posts\/590046","targetHints":{"allow":["GET"]}}],"collection":[{"href":"https:\/\/www.campersoimex.it\/en\/wp-json\/wp\/v2\/posts"}],"about":[{"href":"https:\/\/www.campersoimex.it\/en\/wp-json\/wp\/v2\/types\/post"}],"author":[{"embeddable":true,"href":"https:\/\/www.campersoimex.it\/en\/wp-json\/wp\/v2\/users\/2"}],"replies":[{"embeddable":true,"href":"https:\/\/www.campersoimex.it\/en\/wp-json\/wp\/v2\/comments?post=590046"}],"version-history":[{"count":1,"href":"https:\/\/www.campersoimex.it\/en\/wp-json\/wp\/v2\/posts\/590046\/revisions"}],"predecessor-version":[{"id":590692,"href":"https:\/\/www.campersoimex.it\/en\/wp-json\/wp\/v2\/posts\/590046\/revisions\/590692"}],"wp:featuredmedia":[{"embeddable":true,"href":"https:\/\/www.campersoimex.it\/en\/wp-json\/wp\/v2\/media\/590010"}],"wp:attachment":[{"href":"https:\/\/www.campersoimex.it\/en\/wp-json\/wp\/v2\/media?parent=590046"}],"wp:term":[{"taxonomy":"category","embeddable":true,"href":"https:\/\/www.campersoimex.it\/en\/wp-json\/wp\/v2\/categories?post=590046"},{"taxonomy":"post_tag","embeddable":true,"href":"https:\/\/www.campersoimex.it\/en\/wp-json\/wp\/v2\/tags?post=590046"}],"curies":[{"name":"wp","href":"https:\/\/api.w.org\/{rel}","templated":true}]}}