{"id":586190,"date":"2026-05-01T03:01:52","date_gmt":"2026-05-01T01:01:52","guid":{"rendered":"https:\/\/www.campersoimex.it\/2026\/01\/mclouis-slim-331\/"},"modified":"2026-05-01T03:01:53","modified_gmt":"2026-05-01T01:01:53","slug":"mclouis-slim-331","status":"publish","type":"post","link":"https:\/\/www.campersoimex.it\/en\/2026\/05\/mclouis-slim-331\/","title":{"rendered":"MCLOUIS &#8211; SLIM 331"},"content":{"rendered":"<p><strong>Modello:<\/strong> MCLOUIS SLIM 331<\/p>\n<p><strong>Data:<\/strong> 04\/2026<\/p>\n<p><strong>Motore:<\/strong>   2000 Diesel<\/p>\n<p><strong>Lunghezza:<\/strong> 599cm<\/p>\n<p><strong>Posti omologati:<\/strong> 4<\/p>\n<p><strong>Km:<\/strong> 0<\/p>\n<p><strong>Prezzo:<\/strong> \u20ac0<\/p>\n<p>&nbsp;<\/p>\n<div class=\"et_pb_slider et_pb_slider_fullwidth_off et_pb_gallery_post_type\">\n\t\t\t\t<div class=\"et_pb_slides\">\n\t\t\t\t\t<div class=\"et_pb_slide\" style=\"background: url(https:\/\/www.campersoimex.it\/wp-content\/uploads\/2026\/01\/23235809_E_icy8u1mbo6fel.jpg);\"><\/div><div class=\"et_pb_slide\" style=\"background: url(https:\/\/www.campersoimex.it\/wp-content\/uploads\/2026\/01\/23235809_E_g3tva6wk9le52.jpg);\"><\/div><div class=\"et_pb_slide\" style=\"background: url(https:\/\/www.campersoimex.it\/wp-content\/uploads\/2026\/01\/23235809_E_lwaxrdun021mp.jpg);\"><\/div><div class=\"et_pb_slide\" style=\"background: url(https:\/\/www.campersoimex.it\/wp-content\/uploads\/2026\/01\/23235809_E_1it7auk9ehs3g.jpg);\"><\/div><div class=\"et_pb_slide\" style=\"background: url(https:\/\/www.campersoimex.it\/wp-content\/uploads\/2026\/01\/23235809_E_oqamsl20j4vzt.jpg);\"><\/div><div class=\"et_pb_slide\" style=\"background: url(https:\/\/www.campersoimex.it\/wp-content\/uploads\/2026\/01\/23235809_E_zjxf64dgrbck9.jpg);\"><\/div><div class=\"et_pb_slide\" style=\"background: url(https:\/\/www.campersoimex.it\/wp-content\/uploads\/2026\/01\/23235809_E_ynzsj2q1lpebo.jpg);\"><\/div><div class=\"et_pb_slide\" style=\"background: url(https:\/\/www.campersoimex.it\/wp-content\/uploads\/2026\/01\/23235809_E_0pk58czxw27a3.jpg);\"><\/div><div class=\"et_pb_slide\" style=\"background: url(https:\/\/www.campersoimex.it\/wp-content\/uploads\/2026\/01\/23235809_E_afvnqlhs9or7m.jpg);\"><\/div><div class=\"et_pb_slide\" style=\"background: url(https:\/\/www.campersoimex.it\/wp-content\/uploads\/2026\/01\/23235809_E_ot7lp6s0nfzh4.jpg);\"><\/div><div class=\"et_pb_slide\" style=\"background: url(https:\/\/www.campersoimex.it\/wp-content\/uploads\/2026\/01\/23235809_E_41ka53o0ipm9j.jpg);\"><\/div><div class=\"et_pb_slide\" style=\"background: url(https:\/\/www.campersoimex.it\/wp-content\/uploads\/2026\/01\/23235809_E_7urp6y13ogfsm.jpg);\"><\/div><div class=\"et_pb_slide\" style=\"background: url(https:\/\/www.campersoimex.it\/wp-content\/uploads\/2026\/01\/23235809_E_4ptc8vz1gkwb3.jpg);\"><\/div><div class=\"et_pb_slide\" style=\"background: url(https:\/\/www.campersoimex.it\/wp-content\/uploads\/2026\/01\/23235809_E_ixq9ufgc5s8tm.jpg);\"><\/div><div class=\"et_pb_slide\" style=\"background: url(https:\/\/www.campersoimex.it\/wp-content\/uploads\/2026\/01\/23235809_E_mxzelajk2q5t0.jpg);\"><\/div><div class=\"et_pb_slide\" style=\"background: url(https:\/\/www.campersoimex.it\/wp-content\/uploads\/2026\/01\/23235809_E_n6gxlwky0vda7.jpg);\"><\/div><div class=\"et_pb_slide\" style=\"background: url(https:\/\/www.campersoimex.it\/wp-content\/uploads\/2026\/01\/23235809_E_sni6y3ge45pdb.jpg);\"><\/div><div class=\"et_pb_slide\" style=\"background: url(https:\/\/www.campersoimex.it\/wp-content\/uploads\/2026\/01\/23235809_E_o8j5dmexywfbz.jpg);\"><\/div><div class=\"et_pb_slide\" style=\"background: url(https:\/\/www.campersoimex.it\/wp-content\/uploads\/2026\/01\/23235809_E_lt8re9wymcgh5.jpg);\"><\/div><div class=\"et_pb_slide\" style=\"background: url(https:\/\/www.campersoimex.it\/wp-content\/uploads\/2026\/01\/23235809_E_ygrkd54x0t97s.jpg);\"><\/div><div class=\"et_pb_slide\" style=\"background: url(https:\/\/www.campersoimex.it\/wp-content\/uploads\/2026\/01\/23235809_E_c8stzrlgohn37.jpg);\"><\/div><div class=\"et_pb_slide\" style=\"background: url(https:\/\/www.campersoimex.it\/wp-content\/uploads\/2026\/01\/23235809_E_pulz5byqd41ci.jpg);\"><\/div><div class=\"et_pb_slide\" style=\"background: url(https:\/\/www.campersoimex.it\/wp-content\/uploads\/2026\/01\/23235809_E_xt4pf8nh6lb3a.jpg);\"><\/div><div class=\"et_pb_slide\" style=\"background: url(https:\/\/www.campersoimex.it\/wp-content\/uploads\/2026\/01\/23235809_E_fz6bmu8n2vhyd.jpg);\"><\/div><div class=\"et_pb_slide\" style=\"background: url(https:\/\/www.campersoimex.it\/wp-content\/uploads\/2026\/01\/23235809_E_laoeqzikjd4n9.jpg);\"><\/div><div class=\"et_pb_slide\" style=\"background: url(https:\/\/www.campersoimex.it\/wp-content\/uploads\/2026\/01\/23235809_E_0davzheqoitpm.jpg);\"><\/div><div class=\"et_pb_slide\" style=\"background: url(https:\/\/www.campersoimex.it\/wp-content\/uploads\/2026\/01\/23235809_E_2d41c7jmaz68g.jpg);\"><\/div><div class=\"et_pb_slide\" style=\"background: url(https:\/\/www.campersoimex.it\/wp-content\/uploads\/2026\/01\/23235809_E_i86naluxmcg10.jpg);\"><\/div><div class=\"et_pb_slide\" style=\"background: url(https:\/\/www.campersoimex.it\/wp-content\/uploads\/2026\/01\/23235809_E_cbf9iwz18au6m.jpg);\"><\/div><div class=\"et_pb_slide\" style=\"background: url(https:\/\/www.campersoimex.it\/wp-content\/uploads\/2026\/01\/23235809_E_islhwv5yo3p8k.jpg);\"><\/div><div class=\"et_pb_slide\" style=\"background: url(https:\/\/www.campersoimex.it\/wp-content\/uploads\/2026\/01\/23235809_E_louhkxqsg6w1d.jpg);\"><\/div><div class=\"et_pb_slide\" style=\"background: url(https:\/\/www.campersoimex.it\/wp-content\/uploads\/2026\/01\/23235809_E_s6waexuipjz41.jpg);\"><\/div><div class=\"et_pb_slide\" style=\"background: url(https:\/\/www.campersoimex.it\/wp-content\/uploads\/2026\/01\/23235809_E_n3z2p6duaxs0b.jpg);\"><\/div><div class=\"et_pb_slide\" style=\"background: url(https:\/\/www.campersoimex.it\/wp-content\/uploads\/2026\/01\/23235809_E_6dxsuz1gv89yt.jpg);\"><\/div><div class=\"et_pb_slide\" style=\"background: url(https:\/\/www.campersoimex.it\/wp-content\/uploads\/2026\/01\/23235809_E_59ibl1yvjaf0q.jpg);\"><\/div><div class=\"et_pb_slide\" style=\"background: url(https:\/\/www.campersoimex.it\/wp-content\/uploads\/2026\/01\/23235809_E_j1fh6r893m75z.jpg);\"><\/div>\n\t\t\t\t<\/div>\n\t\t\t<\/div>\n<table class=\"camper_accessories\">\n<tr>\n<th><\/th>\n<th align=\"center\"><img decoding=\"async\" src=\"\/wp-content\/uploads\/flags\/flag-it.jpg\" alt=\"it\" \/><\/th>\n<th align=\"center\"><img decoding=\"async\" src=\"\/wp-content\/uploads\/flags\/flag-de.jpg\" alt=\"de\" \/><\/th>\n<th align=\"center\"><img decoding=\"async\" src=\"\/wp-content\/uploads\/flags\/flag-en.jpg\" alt=\"en\" \/><\/th>\n<th align=\"center\"><img decoding=\"async\" src=\"\/wp-content\/uploads\/flags\/flag-slo.jpg\" alt=\"slo\" \/><\/th>\n<th align=\"center\"><img decoding=\"async\" src=\"\/wp-content\/uploads\/flags\/flag-se.jpg\" alt=\"se\" \/><\/th>\n<th align=\"center\"><img decoding=\"async\" src=\"\/wp-content\/uploads\/flags\/flag-cz.jpg\" alt=\"cz\" \/><\/th>\n<\/tr>\n<tr>\n<td><a href=\"\/wp-content\/themes\/campersoimex\/images\/equipment\/high-res\/antifurto.jpg\" class=\"et_pb_lightbox_image\"><img decoding=\"async\" src=\"\/wp-content\/themes\/campersoimex\/images\/equipment\/low-res\/antifurto.jpg\" \/><\/a><\/td>\n<td>antifurto<\/td>\n<td>alarm<\/td>\n<td>alarm<\/td>\n<td>alarm<\/td>\n<td>larm<\/td>\n<td>alarm proti odcizen\u00ed<\/td>\n<\/tr>\n<tr>\n<td><a href=\"\/wp-content\/themes\/campersoimex\/images\/equipment\/high-res\/autoradio.jpg\" class=\"et_pb_lightbox_image\"><img decoding=\"async\" src=\"\/wp-content\/themes\/campersoimex\/images\/equipment\/low-res\/autoradio.jpg\" \/><\/a><\/td>\n<td>autoradio<\/td>\n<td>stereoanlage<\/td>\n<td>radio<\/td>\n<td>avtoradio<\/td>\n<td>radio<\/td>\n<td>radio<\/td>\n<\/tr>\n<tr>\n<td><a href=\"\/wp-content\/themes\/campersoimex\/images\/equipment\/high-res\/controportainzanzariera.jpg\" class=\"et_pb_lightbox_image\"><img decoding=\"async\" src=\"\/wp-content\/themes\/campersoimex\/images\/equipment\/low-res\/controportainzanzariera.jpg\" \/><\/a><\/td>\n<td>controporta in zanzariera<\/td>\n<td>mosquitotuer<\/td>\n<td>mosquito net<\/td>\n<td>komarnik na vhodnih vratih<\/td>\n<td>insektsd\u00f6rr (myggn\u00e4t)<\/td>\n<td>pojistn\u00e9 dve\u0159e okenn\u00edch s\u00edt\u00ed<\/td>\n<\/tr>\n<tr>\n<td><a href=\"\/wp-content\/themes\/campersoimex\/images\/equipment\/high-res\/cruisecontrol.jpg\" class=\"et_pb_lightbox_image\"><img decoding=\"async\" src=\"\/wp-content\/themes\/campersoimex\/images\/equipment\/low-res\/cruisecontrol.jpg\" \/><\/a><\/td>\n<td>cruise control<\/td>\n<td>cruise control<\/td>\n<td>cruise control<\/td>\n<td>cruise control<\/td>\n<td>farth\u00e5llare<\/td>\n<td>tempomat<\/td>\n<\/tr>\n<tr>\n<td><a href=\"\/wp-content\/themes\/campersoimex\/images\/equipment\/high-res\/doppioairbag.jpg\" class=\"et_pb_lightbox_image\"><img decoding=\"async\" src=\"\/wp-content\/themes\/campersoimex\/images\/equipment\/low-res\/doppioairbag.jpg\" \/><\/a><\/td>\n<td>airbag doppio<\/td>\n<td>fahrer und beifahrerairbag<\/td>\n<td>bag driving and passenger side<\/td>\n<td>dvojna zracna blazina<\/td>\n<td>bag driving and passenger side<\/td>\n<td>bag driving and passenger side<\/td>\n<\/tr>\n<tr>\n<td><a href=\"\/wp-content\/themes\/campersoimex\/images\/equipment\/high-res\/esp.jpg\" class=\"et_pb_lightbox_image\"><img decoding=\"async\" src=\"\/wp-content\/themes\/campersoimex\/images\/equipment\/low-res\/esp.jpg\" \/><\/a><\/td>\n<td>ESP<\/td>\n<td>ESP<\/td>\n<td>ESP<\/td>\n<td>ESP<\/td>\n<td>ESP<\/td>\n<td>ESP<\/td>\n<\/tr>\n<tr>\n<td><a href=\"\/wp-content\/themes\/campersoimex\/images\/equipment\/high-res\/frigofreezer.jpg\" class=\"et_pb_lightbox_image\"><img decoding=\"async\" src=\"\/wp-content\/themes\/campersoimex\/images\/equipment\/low-res\/frigofreezer.jpg\" \/><\/a><\/td>\n<td>frigo trivalente con frizer separato<\/td>\n<td>kombi kuehlschrank mit gefrierfach<\/td>\n<td>3 way fridge + separate freezer<\/td>\n<td>trivalenten hladilnik z locenim zamrzovalnikom<\/td>\n<td>trefunktionellt kylsk\u00e5p med separat frys<\/td>\n<td>absorp\u010dn\u00ed lednice s odd\u011blen\u00fdm mraz\u00e1kem<\/td>\n<\/tr>\n<tr>\n<td><a href=\"\/wp-content\/themes\/campersoimex\/images\/equipment\/high-res\/luceesterna.jpg\" class=\"et_pb_lightbox_image\"><img decoding=\"async\" src=\"\/wp-content\/themes\/campersoimex\/images\/equipment\/low-res\/luceesterna.jpg\" \/><\/a><\/td>\n<td>luce esterna<\/td>\n<td>aussenleuchte<\/td>\n<td>external light<\/td>\n<td>zunajna luc<\/td>\n<td>utomhus belysning <\/td>\n<td>vn\u011bj\u0161\u00ed osv\u011btlen\u00ed<\/td>\n<\/tr>\n<tr>\n<td><a href=\"\/wp-content\/themes\/campersoimex\/images\/equipment\/high-res\/oblopanoramico.jpg\" class=\"et_pb_lightbox_image\"><img decoding=\"async\" src=\"\/wp-content\/themes\/campersoimex\/images\/equipment\/low-res\/oblopanoramico.jpg\" \/><\/a><\/td>\n<td>obl\u00f2 panoramico<\/td>\n<td>panorama dachlucke<\/td>\n<td>panoramic vent<\/td>\n<td>panoramsko stresno okno<\/td>\n<td>panorama taklucka<\/td>\n<td>panoramatick\u00e9 okno<\/td>\n<\/tr>\n<tr>\n<td><a href=\"\/wp-content\/themes\/campersoimex\/images\/equipment\/high-res\/pannellosolare.jpg\" class=\"et_pb_lightbox_image\"><img decoding=\"async\" src=\"\/wp-content\/themes\/campersoimex\/images\/equipment\/low-res\/pannellosolare.jpg\" \/><\/a><\/td>\n<td>pannello solare<\/td>\n<td>solar panelle<\/td>\n<td>solar panel<\/td>\n<td>soncni kolector<\/td>\n<td>solpanel<\/td>\n<td>sol\u00e1rn\u00ed panel<\/td>\n<\/tr>\n<tr>\n<td><a href=\"\/wp-content\/themes\/campersoimex\/images\/equipment\/high-res\/portabici.jpg\" class=\"et_pb_lightbox_image\"><img decoding=\"async\" src=\"\/wp-content\/themes\/campersoimex\/images\/equipment\/low-res\/portabici.jpg\" \/><\/a><\/td>\n<td>portabiciclette<\/td>\n<td>fahrradtraeger<\/td>\n<td>bike carrier<\/td>\n<td>nosilec za kolesa<\/td>\n<td>cyckelh\u00e5llare<\/td>\n<td>dr\u017e\u00e1k pro kola<\/td>\n<\/tr>\n<tr>\n<td><a href=\"\/wp-content\/themes\/campersoimex\/images\/equipment\/high-res\/portatvscorrevole.jpg\" class=\"et_pb_lightbox_image\"><img decoding=\"async\" src=\"\/wp-content\/themes\/campersoimex\/images\/equipment\/low-res\/portatvscorrevole.jpg\" \/><\/a><\/td>\n<td>porta tv scorrevole<\/td>\n<td>ausziehebare tv haelterung<\/td>\n<td>tv bracket<\/td>\n<td>drsni nosilec za tv<\/td>\n<td>TV- h\u00e5llare<\/td>\n<td>dr\u017e\u00e1k tv<\/td>\n<\/tr>\n<tr>\n<td><\/td>\n<td>riscaldamento combi<\/td>\n<td>heizung combi<\/td>\n<td>heating combi<\/td>\n<td>combi ogrevanje<\/td>\n<td>trumav\u00e4rmare<\/td>\n<td>kombinovan\u00e9 topen\u00ed<\/td>\n<\/tr>\n<tr>\n<td><a href=\"\/wp-content\/themes\/campersoimex\/images\/equipment\/high-res\/sediligirevolicabina.jpg\" class=\"et_pb_lightbox_image\"><img decoding=\"async\" src=\"\/wp-content\/themes\/campersoimex\/images\/equipment\/low-res\/sediligirevolicabina.jpg\" \/><\/a><\/td>\n<td>sedili girevoli cabina<\/td>\n<td>drehbare sitze<\/td>\n<td>seats rotating<\/td>\n<td>vrtjivi sedezi v kabini<\/td>\n<td>pilotstolar<\/td>\n<td>ot\u00e1\u010den\u00ed sedadel<\/td>\n<\/tr>\n<tr>\n<td><a href=\"\/wp-content\/themes\/campersoimex\/images\/equipment\/high-res\/telecameraperretromarcia.jpg\" class=\"et_pb_lightbox_image\"><img decoding=\"async\" src=\"\/wp-content\/themes\/campersoimex\/images\/equipment\/low-res\/telecameraperretromarcia.jpg\" \/><\/a><\/td>\n<td>telecamera per retromarcia<\/td>\n<td>rueckfahrt kamera<\/td>\n<td>rear view camera<\/td>\n<td>telekamera za vzvratno voznjo<\/td>\n<td>backkamera<\/td>\n<td>zp\u011btn\u00e1 kamera<\/td>\n<\/tr>\n<tr>\n<td><a href=\"\/wp-content\/themes\/campersoimex\/images\/equipment\/high-res\/veranda.jpg\" class=\"et_pb_lightbox_image\"><img decoding=\"async\" src=\"\/wp-content\/themes\/campersoimex\/images\/equipment\/low-res\/veranda.jpg\" \/><\/a><\/td>\n<td>veranda<\/td>\n<td>vorzelt<\/td>\n<td>veranda<\/td>\n<td>veranda<\/td>\n<td>markis<\/td>\n<td>veranda<\/td>\n<\/tr>\n<tr>\n<td><a href=\"\/wp-content\/themes\/campersoimex\/images\/equipment\/high-res\/wcacassetta.jpg\" class=\"et_pb_lightbox_image\"><img decoding=\"async\" src=\"\/wp-content\/themes\/campersoimex\/images\/equipment\/low-res\/wcacassetta.jpg\" \/><\/a><\/td>\n<td>wc a cassetta<\/td>\n<td>wc mit kassette<\/td>\n<td>thetford wc<\/td>\n<td>wc predal<\/td>\n<td>kasettoalett<\/td>\n<td>wc thetford<\/td>\n<\/tr>\n<\/table>\n","protected":false},"excerpt":{"rendered":"<p><strong>Modello:<\/strong> MCLOUIS SLIM 331<\/p>\n<p><strong>Data:<\/strong> 04\/2026<\/p>\n<p><strong>Motore:<\/strong>   2000 Diesel<\/p>\n<p><strong>Lunghezza:<\/strong> 599cm<\/p>\n<p><strong>Posti omologati:<\/strong> 4<\/p>\n<p><strong>Km:<\/strong> 0<\/p>\n<p><strong>Prezzo:<\/strong> \u20ac0<\/p>\n","protected":false},"author":2,"featured_media":586117,"comment_status":"closed","ping_status":"open","sticky":false,"template":"","format":"standard","meta":{"_et_pb_use_builder":"","_et_pb_old_content":"","_et_gb_content_width":"","_monsterinsights_skip_tracking":false,"_monsterinsights_sitenote_active":false,"_monsterinsights_sitenote_note":"","_monsterinsights_sitenote_category":0,"footnotes":""},"categories":[215],"tags":[297],"class_list":["post-586190","post","type-post","status-publish","format-standard","has-post-thumbnail","hentry","category-categoria-a-eng","tag-noleggio-en"],"_links":{"self":[{"href":"https:\/\/www.campersoimex.it\/en\/wp-json\/wp\/v2\/posts\/586190","targetHints":{"allow":["GET"]}}],"collection":[{"href":"https:\/\/www.campersoimex.it\/en\/wp-json\/wp\/v2\/posts"}],"about":[{"href":"https:\/\/www.campersoimex.it\/en\/wp-json\/wp\/v2\/types\/post"}],"author":[{"embeddable":true,"href":"https:\/\/www.campersoimex.it\/en\/wp-json\/wp\/v2\/users\/2"}],"replies":[{"embeddable":true,"href":"https:\/\/www.campersoimex.it\/en\/wp-json\/wp\/v2\/comments?post=586190"}],"version-history":[{"count":1,"href":"https:\/\/www.campersoimex.it\/en\/wp-json\/wp\/v2\/posts\/586190\/revisions"}],"predecessor-version":[{"id":586410,"href":"https:\/\/www.campersoimex.it\/en\/wp-json\/wp\/v2\/posts\/586190\/revisions\/586410"}],"wp:featuredmedia":[{"embeddable":true,"href":"https:\/\/www.campersoimex.it\/en\/wp-json\/wp\/v2\/media\/586117"}],"wp:attachment":[{"href":"https:\/\/www.campersoimex.it\/en\/wp-json\/wp\/v2\/media?parent=586190"}],"wp:term":[{"taxonomy":"category","embeddable":true,"href":"https:\/\/www.campersoimex.it\/en\/wp-json\/wp\/v2\/categories?post=586190"},{"taxonomy":"post_tag","embeddable":true,"href":"https:\/\/www.campersoimex.it\/en\/wp-json\/wp\/v2\/tags?post=586190"}],"curies":[{"name":"wp","href":"https:\/\/api.w.org\/{rel}","templated":true}]}}